{"id":2407,"date":"2019-07-15T06:57:13","date_gmt":"2019-07-15T04:57:13","guid":{"rendered":"http:\/\/www.stradadellaromagna.it\/?p=2407"},"modified":"2021-04-24T11:42:48","modified_gmt":"2021-04-24T09:42:48","slug":"frutta-di-romagna","status":"publish","type":"post","link":"https:\/\/www.stradadellaromagna.it\/en\/frutta-di-romagna\/","title":{"rendered":"Frutta di Romagna"},"content":{"rendered":"\t\t<div data-elementor-type=\"wp-post\" data-elementor-id=\"2407\" class=\"elementor elementor-2407\" data-elementor-post-type=\"post\">\n\t\t\t\t\t\t<section class=\"elementor-section elementor-top-section elementor-element elementor-element-60f1457d elementor-section-boxed elementor-section-height-default elementor-section-height-default\" data-id=\"60f1457d\" data-element_type=\"section\" data-e-type=\"section\">\n\t\t\t\t\t\t<div class=\"elementor-container elementor-column-gap-default\">\n\t\t\t\t\t<div class=\"elementor-column elementor-col-100 elementor-top-column elementor-element elementor-element-5e3456b8\" data-id=\"5e3456b8\" data-element_type=\"column\" data-e-type=\"column\">\n\t\t\t<div class=\"elementor-widget-wrap elementor-element-populated\">\n\t\t\t\t\t\t<div class=\"elementor-element elementor-element-400f2d0d elementor-widget elementor-widget-text-editor\" data-id=\"400f2d0d\" data-element_type=\"widget\" data-e-type=\"widget\" data-widget_type=\"text-editor.default\">\n\t\t\t\t<div class=\"elementor-widget-container\">\n\t\t\t\t\t\t\t\t\t<p><strong>Prodotti IGP<\/strong>: Pesche e nettarine di Romagna, Pera dell\u2019Emilia-Romagna<br \/><strong>Prodotti agroalimentari tradizional<\/strong>i: Fragola di Romagna, Loto di Romagna<\/p>\t\t\t\t\t\t\t\t<\/div>\n\t\t\t\t<\/div>\n\t\t\t\t\t<\/div>\n\t\t<\/div>\n\t\t\t\t\t<\/div>\n\t\t<\/section>\n\t\t\t\t<section class=\"elementor-section elementor-top-section elementor-element elementor-element-c59ecd7 elementor-section-boxed elementor-section-height-default elementor-section-height-default\" data-id=\"c59ecd7\" data-element_type=\"section\" data-e-type=\"section\">\n\t\t\t\t\t\t<div class=\"elementor-container elementor-column-gap-default\">\n\t\t\t\t\t<div class=\"elementor-column elementor-col-100 elementor-top-column elementor-element elementor-element-7d87dbf\" data-id=\"7d87dbf\" data-element_type=\"column\" data-e-type=\"column\">\n\t\t\t<div class=\"elementor-widget-wrap elementor-element-populated\">\n\t\t\t\t\t\t<div class=\"elementor-element elementor-element-3946a70 elementor-widget elementor-widget-text-editor\" data-id=\"3946a70\" data-element_type=\"widget\" data-e-type=\"widget\" data-widget_type=\"text-editor.default\">\n\t\t\t\t<div class=\"elementor-widget-container\">\n\t\t\t\t\t\t\t\t\t<p><span style=\"font-weight: bold;\">Caratteristiche del prodotto<\/span><\/p>\t\t\t\t\t\t\t\t<\/div>\n\t\t\t\t<\/div>\n\t\t\t\t\t<\/div>\n\t\t<\/div>\n\t\t\t\t\t<\/div>\n\t\t<\/section>\n\t\t\t\t<section class=\"elementor-section elementor-top-section elementor-element elementor-element-26247d3 elementor-section-boxed elementor-section-height-default elementor-section-height-default\" data-id=\"26247d3\" data-element_type=\"section\" data-e-type=\"section\">\n\t\t\t\t\t\t<div class=\"elementor-container elementor-column-gap-default\">\n\t\t\t\t\t<div class=\"elementor-column elementor-col-50 elementor-top-column elementor-element elementor-element-804f111\" data-id=\"804f111\" data-element_type=\"column\" data-e-type=\"column\" data-settings=\"{&quot;background_background&quot;:&quot;classic&quot;}\">\n\t\t\t<div class=\"elementor-widget-wrap elementor-element-populated\">\n\t\t\t\t\t\t<div class=\"elementor-element elementor-element-f9089cb elementor-widget elementor-widget-spacer\" data-id=\"f9089cb\" data-element_type=\"widget\" data-e-type=\"widget\" data-widget_type=\"spacer.default\">\n\t\t\t\t<div class=\"elementor-widget-container\">\n\t\t\t\t\t\t\t<div class=\"elementor-spacer\">\n\t\t\t<div class=\"elementor-spacer-inner\"><\/div>\n\t\t<\/div>\n\t\t\t\t\t\t<\/div>\n\t\t\t\t<\/div>\n\t\t\t\t\t<\/div>\n\t\t<\/div>\n\t\t\t\t<div class=\"elementor-column elementor-col-50 elementor-top-column elementor-element elementor-element-3be1ce8\" data-id=\"3be1ce8\" data-element_type=\"column\" data-e-type=\"column\">\n\t\t\t<div class=\"elementor-widget-wrap elementor-element-populated\">\n\t\t\t\t\t\t<div class=\"elementor-element elementor-element-a92586d elementor-widget elementor-widget-text-editor\" data-id=\"a92586d\" data-element_type=\"widget\" data-e-type=\"widget\" data-widget_type=\"text-editor.default\">\n\t\t\t\t<div class=\"elementor-widget-container\">\n\t\t\t\t\t\t\t\t\t<h3>Pesche e Nettarine IGP<\/h3><p>La frutta IGP deve privilegiare l\u2019aspetto sensoriale, pertanto solo alcune variet\u00e0 e solo l\u2019applicazione delle migliori pratiche agricole consentono di avere prodotti di ottima qualit\u00e0. La raccolta al giusto grado di maturazione \u00e8 fondamentale, poich\u00e9 l\u2019intensit\u00e0 aromatica \u00e8 in qualche modo legata anche alla quantit\u00e0 di zuccheri presenti nel frutto. Come buona parte delle frutta, anche pesche e nettarine sono ricche di vitamine e sali minerali.<\/p>\t\t\t\t\t\t\t\t<\/div>\n\t\t\t\t<\/div>\n\t\t\t\t\t<\/div>\n\t\t<\/div>\n\t\t\t\t\t<\/div>\n\t\t<\/section>\n\t\t\t\t<section class=\"elementor-section elementor-top-section elementor-element elementor-element-d2dc593 elementor-section-boxed elementor-section-height-default elementor-section-height-default\" data-id=\"d2dc593\" data-element_type=\"section\" data-e-type=\"section\">\n\t\t\t\t\t\t<div class=\"elementor-container elementor-column-gap-default\">\n\t\t\t\t\t<div class=\"elementor-column elementor-col-33 elementor-top-column elementor-element elementor-element-9d7c3fd\" data-id=\"9d7c3fd\" data-element_type=\"column\" data-e-type=\"column\">\n\t\t\t<div class=\"elementor-widget-wrap elementor-element-populated\">\n\t\t\t\t\t\t<div class=\"elementor-element elementor-element-2aef6ec elementor-widget elementor-widget-text-editor\" data-id=\"2aef6ec\" data-element_type=\"widget\" data-e-type=\"widget\" data-widget_type=\"text-editor.default\">\n\t\t\t\t<div class=\"elementor-widget-container\">\n\t\t\t\t\t\t\t\t\t<h3><b><\/b><a href=\"#caramellate\"><strong>P<\/strong><strong>esche nettarine caramellate<\/strong><\/a><\/h3><p>Una preparazione facilissima per assaporare le dolci e profumate nettarine\u00a0<\/p>\t\t\t\t\t\t\t\t<\/div>\n\t\t\t\t<\/div>\n\t\t\t\t\t<\/div>\n\t\t<\/div>\n\t\t\t\t<div class=\"elementor-column elementor-col-33 elementor-top-column elementor-element elementor-element-8cf27e7\" data-id=\"8cf27e7\" data-element_type=\"column\" data-e-type=\"column\">\n\t\t\t<div class=\"elementor-widget-wrap elementor-element-populated\">\n\t\t\t\t\t\t<div class=\"elementor-element elementor-element-0a54f35 elementor-widget elementor-widget-text-editor\" data-id=\"0a54f35\" data-element_type=\"widget\" data-e-type=\"widget\" data-widget_type=\"text-editor.default\">\n\t\t\t\t<div class=\"elementor-widget-container\">\n\t\t\t\t\t\t\t\t\t<h3><a href=\"#ripiene\"><strong>Pesche nettarine ripiene<\/strong><\/a><\/h3><p>Le pesche nettarine raccolte nelle nostre campagne sono squisite e diventano ancora pi\u00f9 golose se presentate ripiene<\/p>\t\t\t\t\t\t\t\t<\/div>\n\t\t\t\t<\/div>\n\t\t\t\t\t<\/div>\n\t\t<\/div>\n\t\t\t\t<div class=\"elementor-column elementor-col-33 elementor-top-column elementor-element elementor-element-4e1b8b9\" data-id=\"4e1b8b9\" data-element_type=\"column\" data-e-type=\"column\">\n\t\t\t<div class=\"elementor-widget-wrap elementor-element-populated\">\n\t\t\t\t\t\t<div class=\"elementor-element elementor-element-a832e1d elementor-widget elementor-widget-text-editor\" data-id=\"a832e1d\" data-element_type=\"widget\" data-e-type=\"widget\" data-widget_type=\"text-editor.default\">\n\t\t\t\t<div class=\"elementor-widget-container\">\n\t\t\t\t\t\t\t\t\t<h3><strong><a href=\"#semifreddo\">Semifreddo alle pesche nettarine<\/a><\/strong><\/h3><p>In queste giornate cos\u00ec calde, \u00e8 un piacere finire il pasto con questo dessert golosissimo a km0<\/p>\t\t\t\t\t\t\t\t<\/div>\n\t\t\t\t<\/div>\n\t\t\t\t\t<\/div>\n\t\t<\/div>\n\t\t\t\t\t<\/div>\n\t\t<\/section>\n\t\t\t\t<section class=\"elementor-section elementor-top-section elementor-element elementor-element-1b63e96 elementor-section-boxed elementor-section-height-default elementor-section-height-default\" data-id=\"1b63e96\" data-element_type=\"section\" data-e-type=\"section\">\n\t\t\t\t\t\t<div class=\"elementor-container elementor-column-gap-default\">\n\t\t\t\t\t<div class=\"elementor-column elementor-col-100 elementor-top-column elementor-element elementor-element-716263f\" data-id=\"716263f\" data-element_type=\"column\" data-e-type=\"column\">\n\t\t\t<div class=\"elementor-widget-wrap\">\n\t\t\t\t\t\t\t<\/div>\n\t\t<\/div>\n\t\t\t\t\t<\/div>\n\t\t<\/section>\n\t\t\t\t<section class=\"elementor-section elementor-top-section elementor-element elementor-element-2355ef7 elementor-section-boxed elementor-section-height-default elementor-section-height-default\" data-id=\"2355ef7\" data-element_type=\"section\" data-e-type=\"section\">\n\t\t\t\t\t\t<div class=\"elementor-container elementor-column-gap-default\">\n\t\t\t\t\t<div class=\"elementor-column elementor-col-50 elementor-top-column elementor-element elementor-element-d034bb8\" data-id=\"d034bb8\" data-element_type=\"column\" data-e-type=\"column\" data-settings=\"{&quot;background_background&quot;:&quot;classic&quot;}\">\n\t\t\t<div class=\"elementor-widget-wrap elementor-element-populated\">\n\t\t\t\t\t\t<div class=\"elementor-element elementor-element-13591fc elementor-widget elementor-widget-spacer\" data-id=\"13591fc\" data-element_type=\"widget\" data-e-type=\"widget\" data-widget_type=\"spacer.default\">\n\t\t\t\t<div class=\"elementor-widget-container\">\n\t\t\t\t\t\t\t<div class=\"elementor-spacer\">\n\t\t\t<div class=\"elementor-spacer-inner\"><\/div>\n\t\t<\/div>\n\t\t\t\t\t\t<\/div>\n\t\t\t\t<\/div>\n\t\t\t\t\t<\/div>\n\t\t<\/div>\n\t\t\t\t<div class=\"elementor-column elementor-col-50 elementor-top-column elementor-element elementor-element-0447098\" data-id=\"0447098\" data-element_type=\"column\" data-e-type=\"column\">\n\t\t\t<div class=\"elementor-widget-wrap elementor-element-populated\">\n\t\t\t\t\t\t<div class=\"elementor-element elementor-element-0c58f23 elementor-widget elementor-widget-text-editor\" data-id=\"0c58f23\" data-element_type=\"widget\" data-e-type=\"widget\" data-widget_type=\"text-editor.default\">\n\t\t\t\t<div class=\"elementor-widget-container\">\n\t\t\t\t\t\t\t\t\t<p><b>Loto di Romagna<\/b>.<\/p><p>Il Kaki tipo presenta maturazione scalare e soprattutto la perfetta maturit\u00e0 del frutto si realizza solo dopo la raccolta, che si deve effettuare solo quando la colorazione di fondo della buccia ha perso completamente la tonalit\u00e0 verde della clorofilla per far posto a quella dei pigmenti carotenoidi (stadio \u2018virante\u2019, colorazione giallo-arancio). Il Loto \u00e8 un prodotto molto ricco dal punto di vista nutrizionale e per questo viene normalmente consumato come frutto fresco, ma \u00e8 molto interessante anche per la realizzazione di dolci e torte.<\/p>\t\t\t\t\t\t\t\t<\/div>\n\t\t\t\t<\/div>\n\t\t\t\t\t<\/div>\n\t\t<\/div>\n\t\t\t\t\t<\/div>\n\t\t<\/section>\n\t\t\t\t<section class=\"elementor-section elementor-top-section elementor-element elementor-element-ac97202 elementor-section-boxed elementor-section-height-default elementor-section-height-default\" data-id=\"ac97202\" data-element_type=\"section\" data-e-type=\"section\">\n\t\t\t\t\t\t<div class=\"elementor-container elementor-column-gap-default\">\n\t\t\t\t\t<div class=\"elementor-column elementor-col-50 elementor-top-column elementor-element elementor-element-6b17eae\" data-id=\"6b17eae\" data-element_type=\"column\" data-e-type=\"column\" data-settings=\"{&quot;background_background&quot;:&quot;classic&quot;}\">\n\t\t\t<div class=\"elementor-widget-wrap elementor-element-populated\">\n\t\t\t\t\t\t<div class=\"elementor-element elementor-element-3dbed9f elementor-widget elementor-widget-spacer\" data-id=\"3dbed9f\" data-element_type=\"widget\" data-e-type=\"widget\" data-widget_type=\"spacer.default\">\n\t\t\t\t<div class=\"elementor-widget-container\">\n\t\t\t\t\t\t\t<div class=\"elementor-spacer\">\n\t\t\t<div class=\"elementor-spacer-inner\"><\/div>\n\t\t<\/div>\n\t\t\t\t\t\t<\/div>\n\t\t\t\t<\/div>\n\t\t\t\t\t<\/div>\n\t\t<\/div>\n\t\t\t\t<div class=\"elementor-column elementor-col-50 elementor-top-column elementor-element elementor-element-654e486\" data-id=\"654e486\" data-element_type=\"column\" data-e-type=\"column\">\n\t\t\t<div class=\"elementor-widget-wrap elementor-element-populated\">\n\t\t\t\t\t\t<div class=\"elementor-element elementor-element-1026e89 elementor-widget elementor-widget-text-editor\" data-id=\"1026e89\" data-element_type=\"widget\" data-e-type=\"widget\" data-widget_type=\"text-editor.default\">\n\t\t\t\t<div class=\"elementor-widget-container\">\n\t\t\t\t\t\t\t\t\t<p><b>Pera IGP<\/b><\/p><p>Oltre al consumo fresco, eventualmente anche nel classico abbinamento con il formaggio, la pera viene impiegata per produrre succhi, confetture e piatti vari. Per quanto riguarda gli aspetti salutistici, basta ricordare come in America la pera sia stata inserita al primo posto tra i frutti ricchi di fibra (Dietary Guidline for americans): le fibre hanno funzione regolatrice per l\u2019intestino, limitano l\u2019assorbimento delle calorie, apportano benefici al cuore, al sistema digestivo e ai livelli di colesterolo. Le pere, inoltre, sono ricche di zuccheri semplici, ad alto potere dolcificante, e quindi ottime per diete ipocaloriche ed anche per i diabetici. Infine la pera \u00e8 interessante per il buon contenuto di potassio, nonch\u00e9 di vitamina C e acido folico (sostanze ad azione antiossidante).<\/p>\t\t\t\t\t\t\t\t<\/div>\n\t\t\t\t<\/div>\n\t\t\t\t\t<\/div>\n\t\t<\/div>\n\t\t\t\t\t<\/div>\n\t\t<\/section>\n\t\t\t\t<section class=\"elementor-section elementor-top-section elementor-element elementor-element-b6b1963 elementor-section-boxed elementor-section-height-default elementor-section-height-default\" data-id=\"b6b1963\" data-element_type=\"section\" data-e-type=\"section\">\n\t\t\t\t\t\t<div class=\"elementor-container elementor-column-gap-default\">\n\t\t\t\t\t<div class=\"elementor-column elementor-col-50 elementor-top-column elementor-element elementor-element-098ef60\" data-id=\"098ef60\" data-element_type=\"column\" data-e-type=\"column\" data-settings=\"{&quot;background_background&quot;:&quot;classic&quot;}\">\n\t\t\t<div class=\"elementor-widget-wrap elementor-element-populated\">\n\t\t\t\t\t\t<div class=\"elementor-element elementor-element-34f7871 elementor-widget elementor-widget-spacer\" data-id=\"34f7871\" data-element_type=\"widget\" data-e-type=\"widget\" data-widget_type=\"spacer.default\">\n\t\t\t\t<div class=\"elementor-widget-container\">\n\t\t\t\t\t\t\t<div class=\"elementor-spacer\">\n\t\t\t<div class=\"elementor-spacer-inner\"><\/div>\n\t\t<\/div>\n\t\t\t\t\t\t<\/div>\n\t\t\t\t<\/div>\n\t\t\t\t\t<\/div>\n\t\t<\/div>\n\t\t\t\t<div class=\"elementor-column elementor-col-50 elementor-top-column elementor-element elementor-element-a66ff93\" data-id=\"a66ff93\" data-element_type=\"column\" data-e-type=\"column\">\n\t\t\t<div class=\"elementor-widget-wrap elementor-element-populated\">\n\t\t\t\t\t\t<div class=\"elementor-element elementor-element-35cd374 elementor-widget elementor-widget-text-editor\" data-id=\"35cd374\" data-element_type=\"widget\" data-e-type=\"widget\" data-widget_type=\"text-editor.default\">\n\t\t\t\t<div class=\"elementor-widget-container\">\n\t\t\t\t\t\t\t\t\t<p><b>Fragola di Romagna<\/b><\/p><p>Si caratterizza per l\u2019intensit\u00e0 aromatica, il sapore dolce e la buona consistenza del frutto. Le caratteristiche organolettiche vengono esaltate dal buon contenuto in zuccheri alla raccolta (residuo secco rifrattometrico), che deve essere superiore ai 6,5 Brix.<\/p>\t\t\t\t\t\t\t\t<\/div>\n\t\t\t\t<\/div>\n\t\t\t\t\t<\/div>\n\t\t<\/div>\n\t\t\t\t\t<\/div>\n\t\t<\/section>\n\t\t\t\t<section class=\"elementor-section elementor-top-section elementor-element elementor-element-1c1e383 elementor-section-boxed elementor-section-height-default elementor-section-height-default\" data-id=\"1c1e383\" data-element_type=\"section\" data-e-type=\"section\">\n\t\t\t\t\t\t<div class=\"elementor-container elementor-column-gap-default\">\n\t\t\t\t\t<div class=\"elementor-column elementor-col-100 elementor-top-column elementor-element elementor-element-6c70261\" data-id=\"6c70261\" data-element_type=\"column\" data-e-type=\"column\">\n\t\t\t<div class=\"elementor-widget-wrap elementor-element-populated\">\n\t\t\t\t\t\t<div class=\"elementor-element elementor-element-c6d8f36 elementor-widget elementor-widget-text-editor\" data-id=\"c6d8f36\" data-element_type=\"widget\" data-e-type=\"widget\" data-widget_type=\"text-editor.default\">\n\t\t\t\t<div class=\"elementor-widget-container\">\n\t\t\t\t\t\t\t\t\t<p><strong>Sagre e feste tradizionali in cui il prodotto viene preparato<\/strong><br \/>Degustazioni di frutta nelle localit\u00e0 costiere<br \/>Sagra della Fragola \u2013Santo Stefano \u2013 Giugno<\/p><p><b>Diffusione e areale tipico di produzione<\/b><br \/>Tutta la Romagna, con particolare riferimento all\u2019areale di pianura e pede-collina.<br \/>Per quanto riguarda le produzioni IGP, esistono dei Disciplinari di produzione che definiscono esattamente l\u2019areale di coltivazione, il tipo di suolo, le variet\u00e0 previste (link ai disciplinari). La zona di produzione della fragola tradizionale comprende i territori vocati di alcuni comuni delle provincie di Bologna, Forl\u00ec-Cesena, Ravenna e Rimini. Sono stati riconosciuti areali tipici di coltivazione del loto di Romagna alcuni comuni nei territori delle province di Forl\u00ec-Cesena, Bologna, Ravenna e Rimini.<\/p><p>\u00a0<\/p>\t\t\t\t\t\t\t\t<\/div>\n\t\t\t\t<\/div>\n\t\t\t\t\t<\/div>\n\t\t<\/div>\n\t\t\t\t\t<\/div>\n\t\t<\/section>\n\t\t\t\t<section class=\"elementor-section elementor-top-section elementor-element elementor-element-881de12 elementor-section-stretched elementor-section-boxed elementor-section-height-default elementor-section-height-default\" data-id=\"881de12\" data-element_type=\"section\" data-e-type=\"section\" data-settings=\"{&quot;stretch_section&quot;:&quot;section-stretched&quot;,&quot;background_background&quot;:&quot;classic&quot;}\">\n\t\t\t\t\t\t<div class=\"elementor-container elementor-column-gap-default\">\n\t\t\t\t\t<div class=\"elementor-column elementor-col-100 elementor-top-column elementor-element elementor-element-4923063\" data-id=\"4923063\" data-element_type=\"column\" data-e-type=\"column\">\n\t\t\t<div class=\"elementor-widget-wrap elementor-element-populated\">\n\t\t\t\t\t\t<section class=\"elementor-section elementor-inner-section elementor-element elementor-element-d3c2d42 elementor-section-boxed elementor-section-height-default elementor-section-height-default\" data-id=\"d3c2d42\" data-element_type=\"section\" data-e-type=\"section\">\n\t\t\t\t\t\t<div class=\"elementor-container elementor-column-gap-default\">\n\t\t\t\t\t<div class=\"elementor-column elementor-col-50 elementor-inner-column elementor-element elementor-element-7a2161c\" data-id=\"7a2161c\" data-element_type=\"column\" data-e-type=\"column\">\n\t\t\t<div class=\"elementor-widget-wrap elementor-element-populated\">\n\t\t\t\t\t\t<div class=\"elementor-element elementor-element-c768a2d elementor-widget elementor-widget-text-editor\" data-id=\"c768a2d\" data-element_type=\"widget\" data-e-type=\"widget\" data-widget_type=\"text-editor.default\">\n\t\t\t\t<div class=\"elementor-widget-container\">\n\t\t\t\t\t\t\t\t\t<h2 style=\"text-align: justify;\"><span class=\"s1\" style=\"color: #ffffff;\"><b>Un po\u2019 di storia<\/b><\/span><\/h2><p style=\"text-align: justify;\"><span class=\"s1\" style=\"color: #ffffff;\">La pianura romagnola \u00e8 percorsa da molti fiumi e, siccome Virgilio diceva che i fiumi \u201ctraggon con lor felice e fertil limo\u201d (Tanara, 1644), per questo \u00e8 un\u2019area fresca e fertile che ha potuto accogliere favorevolmente la coltivazione delle piante da frutto.<br \/>Nel passato le piante da frutto erano coltivate nei giardini (hortus) prossimi alle case o sparse nei campi tra appezzamenti di cereali e prati, e servivano per autoconsumo. Il primo a separare le piante da frutto dalle altre colture, creando il jardin fruitier, fu l\u2019agronomo francese Olivier de Serres a fine Cinquecento. Non si tratta ancora di un frutteto in senso moderno, ma apre la via alla frutticoltura industriale, che si pu\u00f2 dire inizi nei giardini di Versailles (Luigi XIV) con Jean de la Quintinye, il primo a sperimentare forme di allevamento razionali per gli alberi da frutto.<\/span><\/p><p style=\"text-align: justify;\"><span class=\"s1\" style=\"color: #ffffff;\">In Italia, la frutticoltura moderna \u00e8 recente e si pu\u00f2 dire sia nata proprio in Romagna, tanto pi\u00f9 che Massa Lombarda (RA) \u00e8 sede di un Museo della frutticoltura.<br \/>Uno spaccato interessante sulle piante da frutto note nel Seicento ci viene offerto dal bolognese Vincenzo Tanara, che riporta anche alcuni versi di un tal Bernia da cui si evince quali fossero le specie e variet\u00e0 pi\u00f9 in uso: \u201cTutte le frutta in tutte le stagioni \/ come a dir Mele Rose, Apie, e Francesche, \/ Pere, Susine, Ciregie, e Peponi, \/ son buone a chi le piaccion secche, e fresche, \/ ma s\u2019havessi ad esser giudice, \/ le non han da far nulla con le persiche\u201d .a Forl\u00ec.\u00a0<\/span><\/p>\t\t\t\t\t\t\t\t<\/div>\n\t\t\t\t<\/div>\n\t\t\t\t\t<\/div>\n\t\t<\/div>\n\t\t\t\t<div class=\"elementor-column elementor-col-50 elementor-inner-column elementor-element elementor-element-c4a016f\" data-id=\"c4a016f\" data-element_type=\"column\" data-e-type=\"column\">\n\t\t\t<div class=\"elementor-widget-wrap elementor-element-populated\">\n\t\t\t\t\t\t<div class=\"elementor-element elementor-element-b1e0c16 elementor-widget elementor-widget-text-editor\" data-id=\"b1e0c16\" data-element_type=\"widget\" data-e-type=\"widget\" data-widget_type=\"text-editor.default\">\n\t\t\t\t<div class=\"elementor-widget-container\">\n\t\t\t\t\t\t\t\t\t<p class=\"p1\" style=\"text-align: justify;\">E a proposito del <b>pesco<\/b>, ci dice che \u00e8 pianta originaria della Persia \u201ce fatto tanto copioso di varie spetie, che non ha invidia a qual si voglia frutto in ornar per molto tempo le tavole, ove prima si contentava di due mesi autunnali solo. Certi Persici grossi d\u2019una prugna chiamati Alberges, cominciano di Giugno ad esser buoni, seguitano le Persiche Giugne pi\u00f9 grossette de gl\u2019Alberges; poi vengono l\u2019Augustane, indi tutta la turba delle altre Persiche, come duraci, sanguigne, noci: Staccate, cotogne, e le tardive, quali per tutto Novembre porgono frutti\u201d (Tanara, 1644).<br \/>Anche del <b>pero<\/b> sono note numerosissime variet\u00e0, tanto che Tanara dice impossibile citarle tutte e raccomanda di non avere fretta nell\u2019allevare questa pianta, poich\u00e9 \u00e8 lenta, ma ha una vita molto lunga. Riporta poi un\u2019indicazione della Scuola salernitana in merito alle propriet\u00e0 salutistiche di alcune piante, tra cui anche i frutti del pero: \u201cSei medicine contro ogni veleno assegnano, e son l\u2019aglio, la noce, la ruta, la triaca, pere, e raffano\u201d.<br \/>Ampia la carrellata varietale anche per <b>melo<\/b> e <b>ciliegie<\/b>, cui seguono le susine, le fragole e alcuni frutti che noi oggi consideriamo minori, come cotogne, fichi, giuggiole, azzeruoli, pini da pinoli (Tanara, 1644). Per quanto riguarda le fragole, quelle note e coltivate nel Seicento erano ben diverse da quelle che conosciamo oggi; infatti le <b>fragole<\/b> a frutto grosso si ottennero solo dopo che un ufficiale francese port\u00f2 dal Cile alcune piante pistillifere di Fragaria chiloensis, che si incrociarono con piante di Fragaria virginiana, originando semenzali molto interessanti proprio per la pezzatura del frutto e la produttivit\u00e0.<\/p>\t\t\t\t\t\t\t\t<\/div>\n\t\t\t\t<\/div>\n\t\t\t\t\t<\/div>\n\t\t<\/div>\n\t\t\t\t\t<\/div>\n\t\t<\/section>\n\t\t\t\t\t<\/div>\n\t\t<\/div>\n\t\t\t\t\t<\/div>\n\t\t<\/section>\n\t\t\t\t<section class=\"elementor-section elementor-top-section elementor-element elementor-element-c6c2fb6 elementor-section-boxed elementor-section-height-default elementor-section-height-default\" data-id=\"c6c2fb6\" data-element_type=\"section\" data-e-type=\"section\">\n\t\t\t\t\t\t<div class=\"elementor-container elementor-column-gap-default\">\n\t\t\t\t\t<div class=\"elementor-column elementor-col-100 elementor-top-column elementor-element elementor-element-f4f7c22\" data-id=\"f4f7c22\" data-element_type=\"column\" data-e-type=\"column\">\n\t\t\t<div class=\"elementor-widget-wrap\">\n\t\t\t\t\t\t\t<\/div>\n\t\t<\/div>\n\t\t\t\t\t<\/div>\n\t\t<\/section>\n\t\t\t\t<section class=\"elementor-section elementor-top-section elementor-element elementor-element-bd320aa elementor-section-stretched elementor-section-boxed elementor-section-height-default elementor-section-height-default\" data-id=\"bd320aa\" data-element_type=\"section\" data-e-type=\"section\" data-settings=\"{&quot;stretch_section&quot;:&quot;section-stretched&quot;,&quot;background_background&quot;:&quot;classic&quot;}\">\n\t\t\t\t\t\t<div class=\"elementor-container elementor-column-gap-default\">\n\t\t\t\t\t<div class=\"elementor-column elementor-col-100 elementor-top-column elementor-element elementor-element-86c8ae9\" data-id=\"86c8ae9\" data-element_type=\"column\" data-e-type=\"column\">\n\t\t\t<div class=\"elementor-widget-wrap elementor-element-populated\">\n\t\t\t\t\t\t<div class=\"elementor-element elementor-element-486f72e elementor-widget elementor-widget-text-editor\" data-id=\"486f72e\" data-element_type=\"widget\" data-e-type=\"widget\" data-widget_type=\"text-editor.default\">\n\t\t\t\t<div class=\"elementor-widget-container\">\n\t\t\t\t\t\t\t\t\t<p>Le numerose variet\u00e0 di frutta diffuse nel Seicento in Italia ci vengono magistralmente rappresentate nelle tele del pittore Bartolomeo Bimbi, che dipinse i frutti delle piante collezionate dalla famiglia de\u2019 Medici di Firenze (AA.VV., 1982).<\/p><p>Le piante da frutto continuarono ad essere coltivate nei giardini ancora per molto tempo e la frutticoltura in senso moderno inizi\u00f2 solo nel Novecento, dopo la relazione di inizio secolo di Girolamo Molon, che tratteggiava una situazione di arretratezza e di assenza di qualit\u00e0 per la frutticoltura italiana (Saltini, 1998).<br \/>Ed \u00e8 proprio all\u2019inizio del Novecento che nelle province di Ravenna e Ferrara vengono realizzate le prime coltivazioni razionali di piante da frutto e si iniziano a selezionare le variet\u00e0 pi\u00f9 interessanti dal punto di vista produttivo e qualitativo. A questo proposito si ricordano le variet\u00e0 storiche di pesche \u201cBuco incavato\u201d e \u201cTardivo di Massa\u201d, con cui furono allestiti i primi pescheti moderni a Massa Lombarda (RA): il primo impianto di pesco a Massa Lombarda fu realizzato da Giuseppe Gianstefani nel 1898 (AA.VV., 2008).<\/p><p>Negli anni \u201930 del Novecento, la prima guida gastronomica d\u2019Italia inserisce tra le specialit\u00e0 agro-alimentari della provincia di Ravenna anche la frutta fresca e lavorata. In particolare riferisce di come a Massalombarda \u201cVi \u00e8 sviluppatissima l\u2019industria delle frutta da parte di grandi stabilimenti che ne curano, con ogni perfezione tecnica, la produzione, la raccolta e l\u2019esportazione. Celebrate le pesche, le pere, le mele, le prugne e numerose altre qualit\u00e0 \u2013 Marmellate\u201d (T.C.I., 1931).<\/p><p>Interessante anche la descrizione delle particolari frutta diffuse sul territorio di Faenza: \u201cPersicaglia o pasg\u00e0ia d\u2019vegna, piccole pesche assai gustose e profumate. <b>Pere more<\/b>, grossissime, rigonfie, dalla buccia color bronzo levigata, di polpa fondente dolce e profumata (ottobre-dicembre); <b>pere spadoncine<\/b>, di media grossezza, piriformi, buccia verde-chiaro, polpa fine e compatta, di gradevole sapor dolce (luglio-agosto); <b>pere volpine<\/b>, piccole, di color ruggine, polpa dura e dolce, speciali da cuocere a lesso, insieme alle <b>castagne<\/b>, con odore d\u2019alloro; <b>pere scipione<\/b>, grosse, piriformi, buccia verde-gialla, polpa finissima, sugosa, liquescente di sapor dolce caratteristico. <b>Pesche gialle di Faenza<\/b>, grossissime, spiccagnole, molto sugose, di gradito sapore acidulo (agosto)\u201d (T.C.I., 1931).<\/p><p>L\u2019analisi di alcuni report della Camera di Commercio di Ravenna, in merito all\u2019agricoltura del territorio (AA.VV., 1956; AA.VV., 1973), lascia intravvedere l\u2019importante sviluppo della frutticoltura tra gli anni \u201950 e \u201970 del Novecento. Nell\u2019Almanacco del 1956, Tino dalla Valle riferisce: \u201cTutta la zona della \u2018bassa\u2019, specialmente intorno ai centri di Castelbolognese, Massalombarda, Lugo ed ora anche intorno a Ravenna, \u00e8 ricchissima di frutta. La provincia di Ravenna \u00e8 la maggior produttrice di pesche che sono esportate in tutta Europa dove sono rinomate per il loro sapore; ottime anche le mele, le pere e susine che vengono conservate in appositi frigoriferi cos\u00ec da essere fresche in quasi tutte le stagioni dell\u2019anno\u201d (AA.VV., 1956). L\u2019Almanacco del 1973, invece, riporta: \u201cLe produzioni ettariali di ogni specie sono fra le pi\u00f9 elevate d\u2019Italia e il grado di specializzazione colturale ha raggiunto livelli altissimi, specie nel settore frutticolo\u201d, e vengono riportate superfici e produzioni riferite al 1970: \u201cpesco 10.769 ha e 1.744.000 q; pero 7.800 ha e 2.237.800 q; melo 2.600 ha e 661.300 q; susino 1391 ha e 112.530 q; fragola 160 ha e 11.030 q\u201d.<\/p><p>La professionalit\u00e0 dei frutticoltori romagnoli e la qualit\u00e0 delle loro produzioni ha ricevuto un riconoscimento importante nel 1998, quando pere, <b>pesche e nettarine di Romagna<\/b> vengono decretate prodotti a IGP.<br \/>Sono poi stati inserite nell\u2019elenco dei prodotti agro-alimentari tradizionali la <b>fragola<\/b> e il loto di Romagna.<\/p><p>La denominazione \u201c<b>Loto di Romagna<\/b>\u201d designa il frutto della cultivar <b>Kaki<\/b> tipo, appartenente ad una specie di recente introduzione in Italia, visto che nell\u2019Ottocento era presente quasi esclusivamente all\u2019interno di giardini botanici come curiosit\u00e0 vegetale, indicata anche con il nome di \u201ccibo degli dei\u201d. Questo albero da frutto, nel periodo tra le due Guerre mondiali, ha trovato in Romagna un ambiente idoneo e un contesto agricolo vivace e dinamico che lo ha accolto e inserito nell\u2019ambito culturale e sociale locale, tanto che questa specie orientale \u00e8 diventata parte integrante del panorama frutticolo romagnolo.<\/p><p><a href=\"https:\/\/www.stradadellaromagna.it\/frutta-di-romagna\/\">Scopri gli altri prodotti tipici locali<\/a><\/p>\t\t\t\t\t\t\t\t<\/div>\n\t\t\t\t<\/div>\n\t\t\t\t\t<\/div>\n\t\t<\/div>\n\t\t\t\t\t<\/div>\n\t\t<\/section>\n\t\t\t\t<section class=\"elementor-section elementor-top-section elementor-element elementor-element-5167a18 elementor-section-boxed elementor-section-height-default elementor-section-height-default\" data-id=\"5167a18\" data-element_type=\"section\" data-e-type=\"section\" id=\"caramellate\">\n\t\t\t\t\t\t<div class=\"elementor-container elementor-column-gap-default\">\n\t\t\t\t\t<div class=\"elementor-column elementor-col-100 elementor-top-column elementor-element elementor-element-2101375\" data-id=\"2101375\" data-element_type=\"column\" data-e-type=\"column\">\n\t\t\t<div class=\"elementor-widget-wrap\">\n\t\t\t\t\t\t\t<\/div>\n\t\t<\/div>\n\t\t\t\t\t<\/div>\n\t\t<\/section>\n\t\t\t\t<section class=\"elementor-section elementor-top-section elementor-element elementor-element-f384257 elementor-section-boxed elementor-section-height-default elementor-section-height-default\" data-id=\"f384257\" data-element_type=\"section\" data-e-type=\"section\">\n\t\t\t\t\t\t<div class=\"elementor-container elementor-column-gap-default\">\n\t\t\t\t\t<div class=\"elementor-column elementor-col-50 elementor-top-column elementor-element elementor-element-47bda60\" data-id=\"47bda60\" data-element_type=\"column\" data-e-type=\"column\">\n\t\t\t<div class=\"elementor-widget-wrap elementor-element-populated\">\n\t\t\t\t\t\t<div class=\"elementor-element elementor-element-b516360 elementor-widget elementor-widget-image\" data-id=\"b516360\" data-element_type=\"widget\" data-e-type=\"widget\" data-widget_type=\"image.default\">\n\t\t\t\t<div class=\"elementor-widget-container\">\n\t\t\t\t\t\t\t\t\t\t\t\t\t\t\t<img fetchpriority=\"high\" decoding=\"async\" width=\"770\" height=\"336\" src=\"https:\/\/www.stradadellaromagna.it\/wp-content\/uploads\/2019\/01\/nettarine-caramellate.jpg\" class=\"attachment-large size-large wp-image-3252\" alt=\"\" srcset=\"https:\/\/www.stradadellaromagna.it\/wp-content\/uploads\/2019\/01\/nettarine-caramellate.jpg 770w, https:\/\/www.stradadellaromagna.it\/wp-content\/uploads\/2019\/01\/nettarine-caramellate-300x131.jpg 300w, https:\/\/www.stradadellaromagna.it\/wp-content\/uploads\/2019\/01\/nettarine-caramellate-768x335.jpg 768w\" sizes=\"(max-width: 770px) 100vw, 770px\" \/>\t\t\t\t\t\t\t\t\t\t\t\t\t\t\t<\/div>\n\t\t\t\t<\/div>\n\t\t\t\t\t<\/div>\n\t\t<\/div>\n\t\t\t\t<div class=\"elementor-column elementor-col-50 elementor-top-column elementor-element elementor-element-24c113a\" data-id=\"24c113a\" data-element_type=\"column\" data-e-type=\"column\">\n\t\t\t<div class=\"elementor-widget-wrap elementor-element-populated\">\n\t\t\t\t\t\t<div class=\"elementor-element elementor-element-5995899 elementor-invisible elementor-widget elementor-widget-heading\" data-id=\"5995899\" data-element_type=\"widget\" data-e-type=\"widget\" data-settings=\"{&quot;_animation&quot;:&quot;fadeInLeft&quot;}\" data-widget_type=\"heading.default\">\n\t\t\t\t<div class=\"elementor-widget-container\">\n\t\t\t\t\t<h2 class=\"elementor-heading-title elementor-size-default\">Nettarine caramellate<\/h2>\t\t\t\t<\/div>\n\t\t\t\t<\/div>\n\t\t\t\t<div class=\"elementor-element elementor-element-aee9aba elementor-widget elementor-widget-text-editor\" data-id=\"aee9aba\" data-element_type=\"widget\" data-e-type=\"widget\" id=\"caramellate\" data-widget_type=\"text-editor.default\">\n\t\t\t\t<div class=\"elementor-widget-container\">\n\t\t\t\t\t\t\t\t\t<p>Ingredienti<br>4 pesche nettarine di Romagna IGP,&nbsp; 1 cucchiaio di zucchero di canna,&nbsp;2 cucchiai di miele di erba medica PAT,&nbsp;2 cucchiai di pinoli,&nbsp;2 cucchiai di uva passa<\/p>\n<p>Preparazione<br>Lavare le nettarine, asciugarle e tagliarle a fette sottili. Far riscaldare in una padella il miele, lo zucchero e un po&#8217; d&#8217;acqua. Mescolare bene e poi unire le fettine di pesca.<br>Far caramellare le pesche per un paio di minuti per lato, poi distribuirle in alcune coppette da servizio, coprendole con un po&#8217; della salsa. al momento di servire aggiungere dei pinoli tostati, qualche uvetta ed eventualmente una pallina di buon gelato alla crema<\/p>\t\t\t\t\t\t\t\t<\/div>\n\t\t\t\t<\/div>\n\t\t\t\t\t<\/div>\n\t\t<\/div>\n\t\t\t\t\t<\/div>\n\t\t<\/section>\n\t\t\t\t<section class=\"elementor-section elementor-top-section elementor-element elementor-element-8799bf8 elementor-section-boxed elementor-section-height-default elementor-section-height-default\" data-id=\"8799bf8\" data-element_type=\"section\" data-e-type=\"section\" id=\"ripiene\">\n\t\t\t\t\t\t<div class=\"elementor-container elementor-column-gap-default\">\n\t\t\t\t\t<div class=\"elementor-column elementor-col-100 elementor-top-column elementor-element elementor-element-e3d17ec\" data-id=\"e3d17ec\" data-element_type=\"column\" data-e-type=\"column\">\n\t\t\t<div class=\"elementor-widget-wrap\">\n\t\t\t\t\t\t\t<\/div>\n\t\t<\/div>\n\t\t\t\t\t<\/div>\n\t\t<\/section>\n\t\t\t\t<section class=\"elementor-section elementor-top-section elementor-element elementor-element-78d6cb3 elementor-section-boxed elementor-section-height-default elementor-section-height-default\" data-id=\"78d6cb3\" data-element_type=\"section\" data-e-type=\"section\">\n\t\t\t\t\t\t<div class=\"elementor-container elementor-column-gap-default\">\n\t\t\t\t\t<div class=\"elementor-column elementor-col-50 elementor-top-column elementor-element elementor-element-63d1080\" data-id=\"63d1080\" data-element_type=\"column\" data-e-type=\"column\">\n\t\t\t<div class=\"elementor-widget-wrap elementor-element-populated\">\n\t\t\t\t\t\t<div class=\"elementor-element elementor-element-c6688db elementor-widget elementor-widget-image\" data-id=\"c6688db\" data-element_type=\"widget\" data-e-type=\"widget\" data-widget_type=\"image.default\">\n\t\t\t\t<div class=\"elementor-widget-container\">\n\t\t\t\t\t\t\t\t\t\t\t\t\t\t\t<img decoding=\"async\" width=\"825\" height=\"461\" src=\"https:\/\/www.stradadellaromagna.it\/wp-content\/uploads\/2019\/01\/nettarine-ripiene.jpg\" class=\"attachment-large size-large wp-image-3254\" alt=\"\" srcset=\"https:\/\/www.stradadellaromagna.it\/wp-content\/uploads\/2019\/01\/nettarine-ripiene.jpg 895w, https:\/\/www.stradadellaromagna.it\/wp-content\/uploads\/2019\/01\/nettarine-ripiene-300x168.jpg 300w, https:\/\/www.stradadellaromagna.it\/wp-content\/uploads\/2019\/01\/nettarine-ripiene-768x429.jpg 768w\" sizes=\"(max-width: 825px) 100vw, 825px\" \/>\t\t\t\t\t\t\t\t\t\t\t\t\t\t\t<\/div>\n\t\t\t\t<\/div>\n\t\t\t\t\t<\/div>\n\t\t<\/div>\n\t\t\t\t<div class=\"elementor-column elementor-col-50 elementor-top-column elementor-element elementor-element-b5389c2\" data-id=\"b5389c2\" data-element_type=\"column\" data-e-type=\"column\">\n\t\t\t<div class=\"elementor-widget-wrap elementor-element-populated\">\n\t\t\t\t\t\t<div class=\"elementor-element elementor-element-59d0745 elementor-invisible elementor-widget elementor-widget-heading\" data-id=\"59d0745\" data-element_type=\"widget\" data-e-type=\"widget\" data-settings=\"{&quot;_animation&quot;:&quot;fadeInLeft&quot;}\" data-widget_type=\"heading.default\">\n\t\t\t\t<div class=\"elementor-widget-container\">\n\t\t\t\t\t<h2 class=\"elementor-heading-title elementor-size-default\">Nettarine ripiene<\/h2>\t\t\t\t<\/div>\n\t\t\t\t<\/div>\n\t\t\t\t<div class=\"elementor-element elementor-element-f956022 elementor-widget elementor-widget-text-editor\" data-id=\"f956022\" data-element_type=\"widget\" data-e-type=\"widget\" data-widget_type=\"text-editor.default\">\n\t\t\t\t<div class=\"elementor-widget-container\">\n\t\t\t\t\t\t\t\t\t<p>Ingredienti<br \/>4 pesche nettarine di Romagna IGP, 10 amaretti, 25 gr di burro, 2 cuchiai di miele di erba medica PAT, 1 bicchiere di succo d&#8217;arancio, 220 gr di ricotta, 50 gr di piatacchi sgusciati, 2 cucchiaini di zucchero a velo<\/p><p>Preparazione<br \/>Lavare le nettarine lasciandole la buccia, tagliarle in due met\u00e0 ciascuna.<br \/>Tritare i biscotti e i pistacchi grossolanamente e aggiungerli al burro fuso e amalgamare anche il miele. <br \/>Riempire le pesche con il composto. Sistemare le pesche nettarine in una teglia reivestita di carta da forno e irrorarle con il succo d&#8217;arancia.<br \/>Cuocere in forno caldo a 160\u00b0 per 20 minuti. <br \/>Nel frattempo mescolare la ricotta con lo zucchero a velo. <br \/>Servire le nettarine ancora tiepide, appena cotte, oppure ben fredde sormontate dalla crema di ricotta.<\/p>\t\t\t\t\t\t\t\t<\/div>\n\t\t\t\t<\/div>\n\t\t\t\t\t<\/div>\n\t\t<\/div>\n\t\t\t\t\t<\/div>\n\t\t<\/section>\n\t\t\t\t<section class=\"elementor-section elementor-top-section elementor-element elementor-element-425a3ae elementor-section-boxed elementor-section-height-default elementor-section-height-default\" data-id=\"425a3ae\" data-element_type=\"section\" data-e-type=\"section\" id=\"semifreddo\">\n\t\t\t\t\t\t<div class=\"elementor-container elementor-column-gap-default\">\n\t\t\t\t\t<div class=\"elementor-column elementor-col-100 elementor-top-column elementor-element elementor-element-ea786ee\" data-id=\"ea786ee\" data-element_type=\"column\" data-e-type=\"column\">\n\t\t\t<div class=\"elementor-widget-wrap\">\n\t\t\t\t\t\t\t<\/div>\n\t\t<\/div>\n\t\t\t\t\t<\/div>\n\t\t<\/section>\n\t\t\t\t<section class=\"elementor-section elementor-top-section elementor-element elementor-element-0dd0e85 elementor-section-boxed elementor-section-height-default elementor-section-height-default\" data-id=\"0dd0e85\" data-element_type=\"section\" data-e-type=\"section\">\n\t\t\t\t\t\t<div class=\"elementor-container elementor-column-gap-default\">\n\t\t\t\t\t<div class=\"elementor-column elementor-col-50 elementor-top-column elementor-element elementor-element-b33280c\" data-id=\"b33280c\" data-element_type=\"column\" data-e-type=\"column\">\n\t\t\t<div class=\"elementor-widget-wrap elementor-element-populated\">\n\t\t\t\t\t\t<div class=\"elementor-element elementor-element-3a882d0 elementor-widget elementor-widget-image\" data-id=\"3a882d0\" data-element_type=\"widget\" data-e-type=\"widget\" data-widget_type=\"image.default\">\n\t\t\t\t<div class=\"elementor-widget-container\">\n\t\t\t\t\t\t\t\t\t\t\t\t\t\t\t<img decoding=\"async\" width=\"565\" height=\"437\" src=\"https:\/\/www.stradadellaromagna.it\/wp-content\/uploads\/2019\/01\/nettarine-semifreddo.jpg\" class=\"attachment-large size-large wp-image-3256\" alt=\"\" srcset=\"https:\/\/www.stradadellaromagna.it\/wp-content\/uploads\/2019\/01\/nettarine-semifreddo.jpg 565w, https:\/\/www.stradadellaromagna.it\/wp-content\/uploads\/2019\/01\/nettarine-semifreddo-300x232.jpg 300w\" sizes=\"(max-width: 565px) 100vw, 565px\" \/>\t\t\t\t\t\t\t\t\t\t\t\t\t\t\t<\/div>\n\t\t\t\t<\/div>\n\t\t\t\t\t<\/div>\n\t\t<\/div>\n\t\t\t\t<div class=\"elementor-column elementor-col-50 elementor-top-column elementor-element elementor-element-2d1f174\" data-id=\"2d1f174\" data-element_type=\"column\" data-e-type=\"column\">\n\t\t\t<div class=\"elementor-widget-wrap elementor-element-populated\">\n\t\t\t\t\t\t<div class=\"elementor-element elementor-element-c33497a elementor-invisible elementor-widget elementor-widget-heading\" data-id=\"c33497a\" data-element_type=\"widget\" data-e-type=\"widget\" data-settings=\"{&quot;_animation&quot;:&quot;fadeInLeft&quot;}\" data-widget_type=\"heading.default\">\n\t\t\t\t<div class=\"elementor-widget-container\">\n\t\t\t\t\t<h2 class=\"elementor-heading-title elementor-size-default\">Semifreddo di pesche nettarine<\/h2>\t\t\t\t<\/div>\n\t\t\t\t<\/div>\n\t\t\t\t<div class=\"elementor-element elementor-element-ed040c0 elementor-widget elementor-widget-text-editor\" data-id=\"ed040c0\" data-element_type=\"widget\" data-e-type=\"widget\" data-widget_type=\"text-editor.default\">\n\t\t\t\t<div class=\"elementor-widget-container\">\n\t\t\t\t\t\t\t\t\t<p>Ingredienti<br \/>Per la farcitura alla pesca: 3 pesche nettarine molto mature, 3 cucchiai di zucchero, 50 gr di burro<br \/>Per la crema: 250 ml di latte, 100 gr di zucchero, 2 tuorli, 50 gr di farina, 1\/2 stecca di vaniglia<br \/>Per il biscotto: biscotti secchi, 1 noce di burro<\/p><p>Preparazione<br \/>Tagliate a piccoli dadini le nettarine private della buccia (lasciarne da parte una piccola quantit\u00e0 per il fondo degli stampini) e mettetele in un pentolino col burro e lo zucchero facendo cuocere a fuoco lentissimo per 15 minuti circa.<br \/>Trasferitele in uno scolapasta e mescolate delicatamente fino a ricavarne del succo che terrete da parte, come vedete in foto.\u00a0<br \/>Mettere sul fondo degli stampi uno strato di nettarine fresche.<br \/>Per la crema amalgamate bene i tuorli con lo zucchero mescolando con la frusta elettrica. Quando il composto sar\u00e0 diventato pi\u00f9 chiaro aggiungete poco alla volta la farina setacciata, continuando a mescolare. Infine incorporate il latte a filo continuando a sbattere e facendo molta attenzione a non creare grumi.<br \/>Trasferite il tutto in un pentolino e a fuoco bassissimo mescolate con un cucchiaio di legno fio a che la crema non comincer\u00e0 ad addensarsi e a fare le bolle.\u00a0<br \/>Una volta pronta trasferire la crema negli stampini\u00a0e lasciare riposare fuori dal frigo.<br \/>A seguire\u00a0 sbriciolare i biscotti secchi e uniteli ad una noce abbondante di burro sciolto in padella. Formare un impasto e stendetelo su un foglio di carta da forno.<br \/>Con l&#8217;aiuto di un bicchiere\u00a0 formare dei dischi da posizionare sopra ogni stampino di crema.<br \/>Mettete il tutto in freezer per 3 ore e togliete 20 minuti prima di servire. Il semifreddo potr\u00e0 essere decorato con il succo di pesca precedentemente conservato e con delle fettine di pesca fresca<\/p>\t\t\t\t\t\t\t\t<\/div>\n\t\t\t\t<\/div>\n\t\t\t\t\t<\/div>\n\t\t<\/div>\n\t\t\t\t\t<\/div>\n\t\t<\/section>\n\t\t\t\t<section class=\"elementor-section elementor-top-section elementor-element elementor-element-c9ce516 elementor-section-boxed elementor-section-height-default elementor-section-height-default\" data-id=\"c9ce516\" data-element_type=\"section\" data-e-type=\"section\">\n\t\t\t\t\t\t<div class=\"elementor-container elementor-column-gap-default\">\n\t\t\t\t\t<div class=\"elementor-column elementor-col-100 elementor-top-column elementor-element elementor-element-03bf432\" data-id=\"03bf432\" data-element_type=\"column\" data-e-type=\"column\">\n\t\t\t<div class=\"elementor-widget-wrap elementor-element-populated\">\n\t\t\t\t\t\t<section class=\"elementor-section elementor-inner-section elementor-element elementor-element-134bd1b elementor-section-boxed elementor-section-height-default elementor-section-height-default\" data-id=\"134bd1b\" data-element_type=\"section\" data-e-type=\"section\">\n\t\t\t\t\t\t<div class=\"elementor-container elementor-column-gap-default\">\n\t\t\t\t\t<div class=\"elementor-column elementor-col-33 elementor-inner-column elementor-element elementor-element-06302c2\" data-id=\"06302c2\" data-element_type=\"column\" data-e-type=\"column\" data-settings=\"{&quot;background_background&quot;:&quot;classic&quot;}\">\n\t\t\t<div class=\"elementor-widget-wrap elementor-element-populated\">\n\t\t\t\t\t\t<div class=\"elementor-element elementor-element-306faa4 elementor-widget elementor-widget-text-editor\" data-id=\"306faa4\" data-element_type=\"widget\" data-e-type=\"widget\" data-widget_type=\"text-editor.default\">\n\t\t\t\t<div class=\"elementor-widget-container\">\n\t\t\t\t\t\t\t\t\t<p><b>In abbinamento<\/b><\/p><p>Il vino consigliato da abbinare a dessert a base di pesche \u00e8 l\u2019Albana dolce. <br \/>Il consiglio \u00e8 di provare la Romagna Albana Dolce Docg <strong>Abbas<\/strong>\u00a0di <strong>Tenuta Nasano<\/strong> di Riolo Terme. <br \/>La sua dolcezza equilibrata, dove ritroverete i profumi e i sapori delle pesche, vi conquister\u00e0.<\/p>\t\t\t\t\t\t\t\t<\/div>\n\t\t\t\t<\/div>\n\t\t\t\t\t<\/div>\n\t\t<\/div>\n\t\t\t\t<div class=\"elementor-column elementor-col-33 elementor-inner-column elementor-element elementor-element-686dd2b\" data-id=\"686dd2b\" data-element_type=\"column\" data-e-type=\"column\" data-settings=\"{&quot;background_background&quot;:&quot;classic&quot;}\">\n\t\t\t<div class=\"elementor-widget-wrap elementor-element-populated\">\n\t\t\t\t\t\t<div class=\"elementor-element elementor-element-e207c77 elementor-widget elementor-widget-spacer\" data-id=\"e207c77\" data-element_type=\"widget\" data-e-type=\"widget\" data-widget_type=\"spacer.default\">\n\t\t\t\t<div class=\"elementor-widget-container\">\n\t\t\t\t\t\t\t<div class=\"elementor-spacer\">\n\t\t\t<div class=\"elementor-spacer-inner\"><\/div>\n\t\t<\/div>\n\t\t\t\t\t\t<\/div>\n\t\t\t\t<\/div>\n\t\t\t\t\t<\/div>\n\t\t<\/div>\n\t\t\t\t<div class=\"elementor-column elementor-col-33 elementor-inner-column elementor-element elementor-element-17bf853\" data-id=\"17bf853\" data-element_type=\"column\" data-e-type=\"column\" data-settings=\"{&quot;background_background&quot;:&quot;classic&quot;}\">\n\t\t\t<div class=\"elementor-widget-wrap elementor-element-populated\">\n\t\t\t\t\t\t<div class=\"elementor-element elementor-element-14c22bc elementor-widget elementor-widget-text-editor\" data-id=\"14c22bc\" data-element_type=\"widget\" data-e-type=\"widget\" data-widget_type=\"text-editor.default\">\n\t\t\t\t<div class=\"elementor-widget-container\">\n\t\t\t\t\t\t\t\t\t<p>Abbas \u00e8 un vino prodotto da uve di Albana selezionate e raccolte manualmente verso la fine di settembre.<br \/>E\u2019 un vino dal colore giallo paglierino carico tendente al dorato, <br \/>con un profumo intenso e complesso con sentori di frutta matura.<br \/>Il sapore \u00e8 caldo, dolce e armonico, con una buona struttura e persistenza.<\/p><p><a href=\"https:\/\/www.stradadellaromagna.it\/tenuta-nasano\/\">Scopri l&#8217;azienda<\/a><\/p>\t\t\t\t\t\t\t\t<\/div>\n\t\t\t\t<\/div>\n\t\t\t\t\t<\/div>\n\t\t<\/div>\n\t\t\t\t\t<\/div>\n\t\t<\/section>\n\t\t\t\t\t<\/div>\n\t\t<\/div>\n\t\t\t\t\t<\/div>\n\t\t<\/section>\n\t\t\t\t<\/div>\n\t\t","protected":false},"excerpt":{"rendered":"<p>Prodotti IGP: Pesche e nettarine di Romagna, Pera dell\u2019Emilia-RomagnaProdotti agroalimentari tradizionali: Fragola di Romagna, Loto di Romagna Caratteristiche del prodotto Pesche e Nettarine IGP La frutta IGP deve privilegiare l\u2019aspetto sensoriale, pertanto solo alcune variet\u00e0 e solo l\u2019applicazione delle migliori pratiche agricole consentono di avere prodotti di ottima qualit\u00e0. La raccolta al giusto grado di &#8230; <a title=\"Frutta di Romagna\" class=\"read-more\" href=\"https:\/\/www.stradadellaromagna.it\/en\/frutta-di-romagna\/\" aria-label=\"Read more about Frutta di Romagna\">Read more<\/a><\/p>\n","protected":false},"author":4,"featured_media":2408,"comment_status":"open","ping_status":"open","sticky":false,"template":"","format":"standard","meta":{"_acf_changed":false,"inline_featured_image":false,"footnotes":""},"categories":[24],"tags":[],"class_list":["post-2407","post","type-post","status-publish","format-standard","has-post-thumbnail","hentry","category-news"],"acf":[],"yoast_head":"<!-- This site is optimized with the Yoast SEO plugin v27.0 - https:\/\/yoast.com\/product\/yoast-seo-wordpress\/ -->\n<title>Frutta di Romagna - Strada della Romagna<\/title>\n<meta name=\"robots\" content=\"index, follow, max-snippet:-1, max-image-preview:large, max-video-preview:-1\" \/>\n<link rel=\"canonical\" href=\"https:\/\/www.stradadellaromagna.it\/frutta-di-romagna\/\" \/>\n<meta property=\"og:locale\" content=\"en_US\" \/>\n<meta property=\"og:type\" content=\"article\" \/>\n<meta property=\"og:title\" content=\"Frutta di Romagna - Strada della Romagna\" \/>\n<meta property=\"og:description\" content=\"Prodotti IGP: Pesche e nettarine di Romagna, Pera dell\u2019Emilia-RomagnaProdotti agroalimentari tradizionali: Fragola di Romagna, Loto di Romagna Caratteristiche del prodotto Pesche e Nettarine IGP La frutta IGP deve privilegiare l\u2019aspetto sensoriale, pertanto solo alcune variet\u00e0 e solo l\u2019applicazione delle migliori pratiche agricole consentono di avere prodotti di ottima qualit\u00e0. La raccolta al giusto grado di ... Read more\" \/>\n<meta property=\"og:url\" content=\"https:\/\/www.stradadellaromagna.it\/frutta-di-romagna\/\" \/>\n<meta property=\"og:site_name\" content=\"Strada della Romagna\" \/>\n<meta property=\"article:published_time\" content=\"2019-07-15T04:57:13+00:00\" \/>\n<meta property=\"article:modified_time\" content=\"2021-04-24T09:42:48+00:00\" \/>\n<meta property=\"og:image\" content=\"https:\/\/www.stradadellaromagna.it\/wp-content\/uploads\/2019\/03\/frutta-di-Romagna_strada-della-romagna.jpg\" \/>\n\t<meta property=\"og:image:width\" content=\"880\" \/>\n\t<meta property=\"og:image:height\" content=\"480\" \/>\n\t<meta property=\"og:image:type\" content=\"image\/jpeg\" \/>\n<meta name=\"author\" content=\"Maida\" \/>\n<meta name=\"twitter:card\" content=\"summary_large_image\" \/>\n<meta name=\"twitter:label1\" content=\"Written by\" \/>\n\t<meta name=\"twitter:data1\" content=\"Maida\" \/>\n\t<meta name=\"twitter:label2\" content=\"Est. reading time\" \/>\n\t<meta name=\"twitter:data2\" content=\"11 minutes\" \/>\n<script type=\"application\/ld+json\" class=\"yoast-schema-graph\">{\"@context\":\"https:\/\/schema.org\",\"@graph\":[{\"@type\":\"Article\",\"@id\":\"https:\/\/www.stradadellaromagna.it\/frutta-di-romagna\/#article\",\"isPartOf\":{\"@id\":\"https:\/\/www.stradadellaromagna.it\/frutta-di-romagna\/\"},\"author\":{\"name\":\"Maida\",\"@id\":\"https:\/\/www.stradadellaromagna.it\/#\/schema\/person\/e6041dd77e71e5d1e3342e0e317ab352\"},\"headline\":\"Frutta di Romagna\",\"datePublished\":\"2019-07-15T04:57:13+00:00\",\"dateModified\":\"2021-04-24T09:42:48+00:00\",\"mainEntityOfPage\":{\"@id\":\"https:\/\/www.stradadellaromagna.it\/frutta-di-romagna\/\"},\"wordCount\":2304,\"commentCount\":0,\"publisher\":{\"@id\":\"https:\/\/www.stradadellaromagna.it\/#organization\"},\"image\":{\"@id\":\"https:\/\/www.stradadellaromagna.it\/frutta-di-romagna\/#primaryimage\"},\"thumbnailUrl\":\"https:\/\/www.stradadellaromagna.it\/wp-content\/uploads\/2019\/03\/frutta-di-Romagna_strada-della-romagna.jpg\",\"articleSection\":[\"News\"],\"inLanguage\":\"en-US\",\"potentialAction\":[{\"@type\":\"CommentAction\",\"name\":\"Comment\",\"target\":[\"https:\/\/www.stradadellaromagna.it\/frutta-di-romagna\/#respond\"]}]},{\"@type\":\"WebPage\",\"@id\":\"https:\/\/www.stradadellaromagna.it\/frutta-di-romagna\/\",\"url\":\"https:\/\/www.stradadellaromagna.it\/frutta-di-romagna\/\",\"name\":\"Frutta di Romagna - Strada della Romagna\",\"isPartOf\":{\"@id\":\"https:\/\/www.stradadellaromagna.it\/#website\"},\"primaryImageOfPage\":{\"@id\":\"https:\/\/www.stradadellaromagna.it\/frutta-di-romagna\/#primaryimage\"},\"image\":{\"@id\":\"https:\/\/www.stradadellaromagna.it\/frutta-di-romagna\/#primaryimage\"},\"thumbnailUrl\":\"https:\/\/www.stradadellaromagna.it\/wp-content\/uploads\/2019\/03\/frutta-di-Romagna_strada-della-romagna.jpg\",\"datePublished\":\"2019-07-15T04:57:13+00:00\",\"dateModified\":\"2021-04-24T09:42:48+00:00\",\"breadcrumb\":{\"@id\":\"https:\/\/www.stradadellaromagna.it\/frutta-di-romagna\/#breadcrumb\"},\"inLanguage\":\"en-US\",\"potentialAction\":[{\"@type\":\"ReadAction\",\"target\":[\"https:\/\/www.stradadellaromagna.it\/frutta-di-romagna\/\"]}]},{\"@type\":\"ImageObject\",\"inLanguage\":\"en-US\",\"@id\":\"https:\/\/www.stradadellaromagna.it\/frutta-di-romagna\/#primaryimage\",\"url\":\"https:\/\/www.stradadellaromagna.it\/wp-content\/uploads\/2019\/03\/frutta-di-Romagna_strada-della-romagna.jpg\",\"contentUrl\":\"https:\/\/www.stradadellaromagna.it\/wp-content\/uploads\/2019\/03\/frutta-di-Romagna_strada-della-romagna.jpg\",\"width\":880,\"height\":480},{\"@type\":\"BreadcrumbList\",\"@id\":\"https:\/\/www.stradadellaromagna.it\/frutta-di-romagna\/#breadcrumb\",\"itemListElement\":[{\"@type\":\"ListItem\",\"position\":1,\"name\":\"Home\",\"item\":\"https:\/\/www.stradadellaromagna.it\/en\/\"},{\"@type\":\"ListItem\",\"position\":2,\"name\":\"News\",\"item\":\"https:\/\/www.stradadellaromagna.it\/category\/news\/\"},{\"@type\":\"ListItem\",\"position\":3,\"name\":\"Frutta di Romagna\"}]},{\"@type\":\"WebSite\",\"@id\":\"https:\/\/www.stradadellaromagna.it\/#website\",\"url\":\"https:\/\/www.stradadellaromagna.it\/\",\"name\":\"Strada della Romagna\",\"description\":\"Vini, Sapori, Cultura\",\"publisher\":{\"@id\":\"https:\/\/www.stradadellaromagna.it\/#organization\"},\"potentialAction\":[{\"@type\":\"SearchAction\",\"target\":{\"@type\":\"EntryPoint\",\"urlTemplate\":\"https:\/\/www.stradadellaromagna.it\/?s={search_term_string}\"},\"query-input\":{\"@type\":\"PropertyValueSpecification\",\"valueRequired\":true,\"valueName\":\"search_term_string\"}}],\"inLanguage\":\"en-US\"},{\"@type\":\"Organization\",\"@id\":\"https:\/\/www.stradadellaromagna.it\/#organization\",\"name\":\"Strada della Romagna\",\"url\":\"https:\/\/www.stradadellaromagna.it\/\",\"logo\":{\"@type\":\"ImageObject\",\"inLanguage\":\"en-US\",\"@id\":\"https:\/\/www.stradadellaromagna.it\/#\/schema\/logo\/image\/\",\"url\":\"https:\/\/www.stradadellaromagna.it\/wp-content\/uploads\/2022\/06\/logo-Strada-del-Sangiovese-1.jpg\",\"contentUrl\":\"https:\/\/www.stradadellaromagna.it\/wp-content\/uploads\/2022\/06\/logo-Strada-del-Sangiovese-1.jpg\",\"width\":971,\"height\":573,\"caption\":\"Strada della Romagna\"},\"image\":{\"@id\":\"https:\/\/www.stradadellaromagna.it\/#\/schema\/logo\/image\/\"}},{\"@type\":\"Person\",\"@id\":\"https:\/\/www.stradadellaromagna.it\/#\/schema\/person\/e6041dd77e71e5d1e3342e0e317ab352\",\"name\":\"Maida\",\"url\":\"https:\/\/www.stradadellaromagna.it\/en\/author\/maida\/\"}]}<\/script>\n<!-- \/ Yoast SEO plugin. -->","yoast_head_json":{"title":"Frutta di Romagna - Strada della Romagna","robots":{"index":"index","follow":"follow","max-snippet":"max-snippet:-1","max-image-preview":"max-image-preview:large","max-video-preview":"max-video-preview:-1"},"canonical":"https:\/\/www.stradadellaromagna.it\/frutta-di-romagna\/","og_locale":"en_US","og_type":"article","og_title":"Frutta di Romagna - Strada della Romagna","og_description":"Prodotti IGP: Pesche e nettarine di Romagna, Pera dell\u2019Emilia-RomagnaProdotti agroalimentari tradizionali: Fragola di Romagna, Loto di Romagna Caratteristiche del prodotto Pesche e Nettarine IGP La frutta IGP deve privilegiare l\u2019aspetto sensoriale, pertanto solo alcune variet\u00e0 e solo l\u2019applicazione delle migliori pratiche agricole consentono di avere prodotti di ottima qualit\u00e0. La raccolta al giusto grado di ... Read more","og_url":"https:\/\/www.stradadellaromagna.it\/frutta-di-romagna\/","og_site_name":"Strada della Romagna","article_published_time":"2019-07-15T04:57:13+00:00","article_modified_time":"2021-04-24T09:42:48+00:00","og_image":[{"width":880,"height":480,"url":"https:\/\/www.stradadellaromagna.it\/wp-content\/uploads\/2019\/03\/frutta-di-Romagna_strada-della-romagna.jpg","type":"image\/jpeg"}],"author":"Maida","twitter_card":"summary_large_image","twitter_misc":{"Written by":"Maida","Est. reading time":"11 minutes"},"schema":{"@context":"https:\/\/schema.org","@graph":[{"@type":"Article","@id":"https:\/\/www.stradadellaromagna.it\/frutta-di-romagna\/#article","isPartOf":{"@id":"https:\/\/www.stradadellaromagna.it\/frutta-di-romagna\/"},"author":{"name":"Maida","@id":"https:\/\/www.stradadellaromagna.it\/#\/schema\/person\/e6041dd77e71e5d1e3342e0e317ab352"},"headline":"Frutta di Romagna","datePublished":"2019-07-15T04:57:13+00:00","dateModified":"2021-04-24T09:42:48+00:00","mainEntityOfPage":{"@id":"https:\/\/www.stradadellaromagna.it\/frutta-di-romagna\/"},"wordCount":2304,"commentCount":0,"publisher":{"@id":"https:\/\/www.stradadellaromagna.it\/#organization"},"image":{"@id":"https:\/\/www.stradadellaromagna.it\/frutta-di-romagna\/#primaryimage"},"thumbnailUrl":"https:\/\/www.stradadellaromagna.it\/wp-content\/uploads\/2019\/03\/frutta-di-Romagna_strada-della-romagna.jpg","articleSection":["News"],"inLanguage":"en-US","potentialAction":[{"@type":"CommentAction","name":"Comment","target":["https:\/\/www.stradadellaromagna.it\/frutta-di-romagna\/#respond"]}]},{"@type":"WebPage","@id":"https:\/\/www.stradadellaromagna.it\/frutta-di-romagna\/","url":"https:\/\/www.stradadellaromagna.it\/frutta-di-romagna\/","name":"Frutta di Romagna - Strada della Romagna","isPartOf":{"@id":"https:\/\/www.stradadellaromagna.it\/#website"},"primaryImageOfPage":{"@id":"https:\/\/www.stradadellaromagna.it\/frutta-di-romagna\/#primaryimage"},"image":{"@id":"https:\/\/www.stradadellaromagna.it\/frutta-di-romagna\/#primaryimage"},"thumbnailUrl":"https:\/\/www.stradadellaromagna.it\/wp-content\/uploads\/2019\/03\/frutta-di-Romagna_strada-della-romagna.jpg","datePublished":"2019-07-15T04:57:13+00:00","dateModified":"2021-04-24T09:42:48+00:00","breadcrumb":{"@id":"https:\/\/www.stradadellaromagna.it\/frutta-di-romagna\/#breadcrumb"},"inLanguage":"en-US","potentialAction":[{"@type":"ReadAction","target":["https:\/\/www.stradadellaromagna.it\/frutta-di-romagna\/"]}]},{"@type":"ImageObject","inLanguage":"en-US","@id":"https:\/\/www.stradadellaromagna.it\/frutta-di-romagna\/#primaryimage","url":"https:\/\/www.stradadellaromagna.it\/wp-content\/uploads\/2019\/03\/frutta-di-Romagna_strada-della-romagna.jpg","contentUrl":"https:\/\/www.stradadellaromagna.it\/wp-content\/uploads\/2019\/03\/frutta-di-Romagna_strada-della-romagna.jpg","width":880,"height":480},{"@type":"BreadcrumbList","@id":"https:\/\/www.stradadellaromagna.it\/frutta-di-romagna\/#breadcrumb","itemListElement":[{"@type":"ListItem","position":1,"name":"Home","item":"https:\/\/www.stradadellaromagna.it\/en\/"},{"@type":"ListItem","position":2,"name":"News","item":"https:\/\/www.stradadellaromagna.it\/category\/news\/"},{"@type":"ListItem","position":3,"name":"Frutta di Romagna"}]},{"@type":"WebSite","@id":"https:\/\/www.stradadellaromagna.it\/#website","url":"https:\/\/www.stradadellaromagna.it\/","name":"Strada della Romagna","description":"Vini, Sapori, Cultura","publisher":{"@id":"https:\/\/www.stradadellaromagna.it\/#organization"},"potentialAction":[{"@type":"SearchAction","target":{"@type":"EntryPoint","urlTemplate":"https:\/\/www.stradadellaromagna.it\/?s={search_term_string}"},"query-input":{"@type":"PropertyValueSpecification","valueRequired":true,"valueName":"search_term_string"}}],"inLanguage":"en-US"},{"@type":"Organization","@id":"https:\/\/www.stradadellaromagna.it\/#organization","name":"Strada della Romagna","url":"https:\/\/www.stradadellaromagna.it\/","logo":{"@type":"ImageObject","inLanguage":"en-US","@id":"https:\/\/www.stradadellaromagna.it\/#\/schema\/logo\/image\/","url":"https:\/\/www.stradadellaromagna.it\/wp-content\/uploads\/2022\/06\/logo-Strada-del-Sangiovese-1.jpg","contentUrl":"https:\/\/www.stradadellaromagna.it\/wp-content\/uploads\/2022\/06\/logo-Strada-del-Sangiovese-1.jpg","width":971,"height":573,"caption":"Strada della Romagna"},"image":{"@id":"https:\/\/www.stradadellaromagna.it\/#\/schema\/logo\/image\/"}},{"@type":"Person","@id":"https:\/\/www.stradadellaromagna.it\/#\/schema\/person\/e6041dd77e71e5d1e3342e0e317ab352","name":"Maida","url":"https:\/\/www.stradadellaromagna.it\/en\/author\/maida\/"}]}},"_links":{"self":[{"href":"https:\/\/www.stradadellaromagna.it\/en\/wp-json\/wp\/v2\/posts\/2407","targetHints":{"allow":["GET"]}}],"collection":[{"href":"https:\/\/www.stradadellaromagna.it\/en\/wp-json\/wp\/v2\/posts"}],"about":[{"href":"https:\/\/www.stradadellaromagna.it\/en\/wp-json\/wp\/v2\/types\/post"}],"author":[{"embeddable":true,"href":"https:\/\/www.stradadellaromagna.it\/en\/wp-json\/wp\/v2\/users\/4"}],"replies":[{"embeddable":true,"href":"https:\/\/www.stradadellaromagna.it\/en\/wp-json\/wp\/v2\/comments?post=2407"}],"version-history":[{"count":14,"href":"https:\/\/www.stradadellaromagna.it\/en\/wp-json\/wp\/v2\/posts\/2407\/revisions"}],"predecessor-version":[{"id":3370,"href":"https:\/\/www.stradadellaromagna.it\/en\/wp-json\/wp\/v2\/posts\/2407\/revisions\/3370"}],"wp:featuredmedia":[{"embeddable":true,"href":"https:\/\/www.stradadellaromagna.it\/en\/wp-json\/wp\/v2\/media\/2408"}],"wp:attachment":[{"href":"https:\/\/www.stradadellaromagna.it\/en\/wp-json\/wp\/v2\/media?parent=2407"}],"wp:term":[{"taxonomy":"category","embeddable":true,"href":"https:\/\/www.stradadellaromagna.it\/en\/wp-json\/wp\/v2\/categories?post=2407"},{"taxonomy":"post_tag","embeddable":true,"href":"https:\/\/www.stradadellaromagna.it\/en\/wp-json\/wp\/v2\/tags?post=2407"}],"curies":[{"name":"wp","href":"https:\/\/api.w.org\/{rel}","templated":true}]}}