{"id":8541,"date":"2026-09-02T10:11:39","date_gmt":"2026-09-02T08:11:39","guid":{"rendered":"https:\/\/www.stradadellaromagna.it\/?p=8541"},"modified":"2026-09-02T10:11:41","modified_gmt":"2026-09-02T08:11:41","slug":"brindisi-al-museo-del-sale-di-cervia-mercoledi-9-settembre","status":"publish","type":"post","link":"https:\/\/www.stradadellaromagna.it\/en\/brindisi-al-museo-del-sale-di-cervia-mercoledi-9-settembre\/","title":{"rendered":"Brindisi al Museo del Sale di Cervia \u2013 Mercoled\u00ec 9 settembre"},"content":{"rendered":"\n<p>Prosegue a\u00a0settembre<strong>\u00a0<\/strong>il cartellone di eventi e incontri \u201c<strong>Sulla buona Strada<\/strong>\u201c organizzato dalla Strada del Sangiovese, che unisce i\u00a0<strong>vini<\/strong>\u00a0e i\u00a0<strong>prodotti tipici<\/strong>\u00a0del territorio ai grandi\u00a0<strong>tesori artistici<\/strong>,\u00a0<strong>culturali<\/strong>\u00a0e\u00a0<strong>naturalistici della provincia di Ravenna<\/strong>: un mix unico di emozioni da sorseggiare con gusto e con cui riempirsi gli occhi, il cuore e la mente.<br><br>Il sedicesimo appuntamento \u00e8\u00a0<strong>mercoled\u00ec 9 settembre<\/strong>\u00a0\u00a0al\u00a0<strong><a href=\"https:\/\/musa.comunecervia.it\/it\/\">MUSA (Museo del Sale) di Cervia<\/a><\/strong>\u00a0(Via Nazario Sauro 24) con un pomeriggio di arte e sapori.<\/p>\n\n\n\n<p><strong>Alle ore 21.00<\/strong>\u00a0l\u2019appuntamento \u00e8 con la<a href=\"https:\/\/musa.comunecervia.it\/it\/iniziative\/scheda-iniziative\/i-salinari-raccontano.html\">\u00a0<strong>visita guidata \u201cI salinari raccontano\u201d<\/strong><\/a>: un\u2019occasione speciale per visitare il museo accompagnanti dai volontari del Gruppo Culturale Civilt\u00e0 Salinara. Un viaggio nel tempo alla ricerca delle origini della citt\u00e0 di Cervia alla sua evoluzione in citt\u00e0 del sale, al suo trasferimento sul mare, alle vicissitudini dettate dalla ricchezza che il sale ha rappresentato per secoli nella citt\u00e0, fino a giungere alla odierna realt\u00e0 turistica.<\/p>\n\n\n\n<p><strong>Dalle ore 20.30 alle 24.00<\/strong>\u00a0i visitatori potranno scoprire e assaggiare gratuitamente alcuni vini e sapori tipici del territorio romagnolo nel\u00a0<strong>banco di degustazione a cura della Strada del Sangiovese \u2013 Strada della Romagna<\/strong>, dove potranno trovare anche la\u00a0<strong><a href=\"https:\/\/www.stradadellaromagna.it\/disponibile-la-nuova-guida-turistica-sulla-buona-strada\/\">guida turistica della provincia di Ravenna \u201cSulla buona Strada\u201d<\/a><\/strong>\u00a0che illustra numerosi itinerari da percorrere nel territorio abbinati a prodotti e vini Dop e Igp locali.<\/p>\n\n\n\n<p>La visita guidata gratuita \u00e8 compresa nel biglietto di ingresso al museo (\u20ac2 a persona).<\/p>\n\n\n\n<p>La degustazione di vini e prodotti tipici \u00e8 gratuita.<a href=\"https:\/\/www.stradadellaromagna.it\/2025\/12\/18\/\"><\/a><\/p>\n\n\n\n<figure class=\"wp-block-image size-large\"><img fetchpriority=\"high\" decoding=\"async\" width=\"1024\" height=\"1024\" src=\"https:\/\/www.stradadellaromagna.it\/wp-content\/uploads\/2026\/09\/9-settembre-2026-1024x1024.jpg\" alt=\"\" class=\"wp-image-8542\" srcset=\"https:\/\/www.stradadellaromagna.it\/wp-content\/uploads\/2026\/09\/9-settembre-2026-1024x1024.jpg 1024w, https:\/\/www.stradadellaromagna.it\/wp-content\/uploads\/2026\/09\/9-settembre-2026-300x300.jpg 300w, https:\/\/www.stradadellaromagna.it\/wp-content\/uploads\/2026\/09\/9-settembre-2026-150x150.jpg 150w, https:\/\/www.stradadellaromagna.it\/wp-content\/uploads\/2026\/09\/9-settembre-2026-768x768.jpg 768w, https:\/\/www.stradadellaromagna.it\/wp-content\/uploads\/2026\/09\/9-settembre-2026.jpg 1080w\" sizes=\"(max-width: 1024px) 100vw, 1024px\" \/><\/figure>\n","protected":false},"excerpt":{"rendered":"<p>Prosegue a\u00a0settembre\u00a0il cartellone di eventi e incontri \u201cSulla buona Strada\u201c organizzato dalla Strada del Sangiovese, che unisce i\u00a0vini\u00a0e i\u00a0prodotti tipici\u00a0del territorio ai grandi\u00a0tesori artistici,\u00a0culturali\u00a0e\u00a0naturalistici della provincia di Ravenna: un mix unico di emozioni da sorseggiare con gusto e con cui riempirsi gli occhi, il cuore e la mente. Il sedicesimo appuntamento \u00e8\u00a0mercoled\u00ec 9 settembre\u00a0\u00a0al\u00a0MUSA (Museo &#8230; <a title=\"Brindisi al Museo del Sale di Cervia \u2013 Mercoled\u00ec 9 settembre\" class=\"read-more\" href=\"https:\/\/www.stradadellaromagna.it\/en\/brindisi-al-museo-del-sale-di-cervia-mercoledi-9-settembre\/\" aria-label=\"Read more about Brindisi al Museo del Sale di Cervia \u2013 Mercoled\u00ec 9 settembre\">Read more<\/a><\/p>\n","protected":false},"author":5,"featured_media":8544,"comment_status":"closed","ping_status":"closed","sticky":false,"template":"","format":"standard","meta":{"_acf_changed":false,"inline_featured_image":false,"footnotes":""},"categories":[24],"tags":[],"class_list":["post-8541","post","type-post","status-publish","format-standard","has-post-thumbnail","hentry","category-news"],"acf":[],"yoast_head":"<!-- This site is optimized with the Yoast SEO plugin v27.0 - https:\/\/yoast.com\/product\/yoast-seo-wordpress\/ -->\n<title>Brindisi al Museo del Sale di Cervia \u2013 Mercoled\u00ec 9 settembre<\/title>\n<meta name=\"description\" content=\"Mercoled\u00ec 9 settembre degustazione di vini e sapori al Museo del Sale di Cervia in occsione della visita con i salinari\" \/>\n<meta name=\"robots\" content=\"index, follow, max-snippet:-1, max-image-preview:large, max-video-preview:-1\" \/>\n<link rel=\"canonical\" href=\"https:\/\/www.stradadellaromagna.it\/brindisi-al-museo-del-sale-di-cervia-mercoledi-9-settembre\/\" \/>\n<meta property=\"og:locale\" content=\"en_US\" \/>\n<meta property=\"og:type\" content=\"article\" \/>\n<meta property=\"og:title\" content=\"Brindisi al Museo del Sale di Cervia \u2013 Mercoled\u00ec 9 settembre\" \/>\n<meta property=\"og:description\" content=\"Mercoled\u00ec 9 settembre degustazione di vini e sapori al Museo del Sale di Cervia in occsione della visita con i salinari\" \/>\n<meta property=\"og:url\" content=\"https:\/\/www.stradadellaromagna.it\/brindisi-al-museo-del-sale-di-cervia-mercoledi-9-settembre\/\" \/>\n<meta property=\"og:site_name\" content=\"Strada della Romagna\" \/>\n<meta property=\"article:published_time\" content=\"2026-09-02T08:11:39+00:00\" \/>\n<meta property=\"article:modified_time\" content=\"2026-09-02T08:11:41+00:00\" \/>\n<meta property=\"og:image\" content=\"https:\/\/www.stradadellaromagna.it\/wp-content\/uploads\/2026\/09\/brin.jpg\" \/>\n\t<meta property=\"og:image:width\" content=\"1200\" \/>\n\t<meta property=\"og:image:height\" content=\"900\" \/>\n\t<meta property=\"og:image:type\" content=\"image\/jpeg\" \/>\n<meta name=\"author\" content=\"Luca Casadei\" \/>\n<meta name=\"twitter:card\" content=\"summary_large_image\" \/>\n<meta name=\"twitter:label1\" content=\"Written by\" \/>\n\t<meta name=\"twitter:data1\" content=\"Luca Casadei\" \/>\n\t<meta name=\"twitter:label2\" content=\"Est. reading time\" \/>\n\t<meta name=\"twitter:data2\" content=\"2 minutes\" \/>\n<script type=\"application\/ld+json\" class=\"yoast-schema-graph\">{\"@context\":\"https:\/\/schema.org\",\"@graph\":[{\"@type\":\"Article\",\"@id\":\"https:\/\/www.stradadellaromagna.it\/brindisi-al-museo-del-sale-di-cervia-mercoledi-9-settembre\/#article\",\"isPartOf\":{\"@id\":\"https:\/\/www.stradadellaromagna.it\/brindisi-al-museo-del-sale-di-cervia-mercoledi-9-settembre\/\"},\"author\":{\"name\":\"Luca Casadei\",\"@id\":\"https:\/\/www.stradadellaromagna.it\/#\/schema\/person\/3a842840340455747a035b8c408e8772\"},\"headline\":\"Brindisi al Museo del Sale di Cervia \u2013 Mercoled\u00ec 9 settembre\",\"datePublished\":\"2026-09-02T08:11:39+00:00\",\"dateModified\":\"2026-09-02T08:11:41+00:00\",\"mainEntityOfPage\":{\"@id\":\"https:\/\/www.stradadellaromagna.it\/brindisi-al-museo-del-sale-di-cervia-mercoledi-9-settembre\/\"},\"wordCount\":243,\"publisher\":{\"@id\":\"https:\/\/www.stradadellaromagna.it\/#organization\"},\"image\":{\"@id\":\"https:\/\/www.stradadellaromagna.it\/brindisi-al-museo-del-sale-di-cervia-mercoledi-9-settembre\/#primaryimage\"},\"thumbnailUrl\":\"https:\/\/www.stradadellaromagna.it\/wp-content\/uploads\/2026\/09\/brin.jpg\",\"articleSection\":[\"News\"],\"inLanguage\":\"en-US\"},{\"@type\":\"WebPage\",\"@id\":\"https:\/\/www.stradadellaromagna.it\/brindisi-al-museo-del-sale-di-cervia-mercoledi-9-settembre\/\",\"url\":\"https:\/\/www.stradadellaromagna.it\/brindisi-al-museo-del-sale-di-cervia-mercoledi-9-settembre\/\",\"name\":\"Brindisi al Museo del Sale di Cervia \u2013 Mercoled\u00ec 9 settembre\",\"isPartOf\":{\"@id\":\"https:\/\/www.stradadellaromagna.it\/#website\"},\"primaryImageOfPage\":{\"@id\":\"https:\/\/www.stradadellaromagna.it\/brindisi-al-museo-del-sale-di-cervia-mercoledi-9-settembre\/#primaryimage\"},\"image\":{\"@id\":\"https:\/\/www.stradadellaromagna.it\/brindisi-al-museo-del-sale-di-cervia-mercoledi-9-settembre\/#primaryimage\"},\"thumbnailUrl\":\"https:\/\/www.stradadellaromagna.it\/wp-content\/uploads\/2026\/09\/brin.jpg\",\"datePublished\":\"2026-09-02T08:11:39+00:00\",\"dateModified\":\"2026-09-02T08:11:41+00:00\",\"description\":\"Mercoled\u00ec 9 settembre degustazione di vini e sapori al Museo del Sale di Cervia in occsione della visita con i salinari\",\"breadcrumb\":{\"@id\":\"https:\/\/www.stradadellaromagna.it\/brindisi-al-museo-del-sale-di-cervia-mercoledi-9-settembre\/#breadcrumb\"},\"inLanguage\":\"en-US\",\"potentialAction\":[{\"@type\":\"ReadAction\",\"target\":[\"https:\/\/www.stradadellaromagna.it\/brindisi-al-museo-del-sale-di-cervia-mercoledi-9-settembre\/\"]}]},{\"@type\":\"ImageObject\",\"inLanguage\":\"en-US\",\"@id\":\"https:\/\/www.stradadellaromagna.it\/brindisi-al-museo-del-sale-di-cervia-mercoledi-9-settembre\/#primaryimage\",\"url\":\"https:\/\/www.stradadellaromagna.it\/wp-content\/uploads\/2026\/09\/brin.jpg\",\"contentUrl\":\"https:\/\/www.stradadellaromagna.it\/wp-content\/uploads\/2026\/09\/brin.jpg\",\"width\":1200,\"height\":900,\"caption\":\"oplus_2\"},{\"@type\":\"BreadcrumbList\",\"@id\":\"https:\/\/www.stradadellaromagna.it\/brindisi-al-museo-del-sale-di-cervia-mercoledi-9-settembre\/#breadcrumb\",\"itemListElement\":[{\"@type\":\"ListItem\",\"position\":1,\"name\":\"Home\",\"item\":\"https:\/\/www.stradadellaromagna.it\/en\/\"},{\"@type\":\"ListItem\",\"position\":2,\"name\":\"News\",\"item\":\"https:\/\/www.stradadellaromagna.it\/category\/news\/\"},{\"@type\":\"ListItem\",\"position\":3,\"name\":\"Brindisi al Museo del Sale di Cervia \u2013 Mercoled\u00ec 9 settembre\"}]},{\"@type\":\"WebSite\",\"@id\":\"https:\/\/www.stradadellaromagna.it\/#website\",\"url\":\"https:\/\/www.stradadellaromagna.it\/\",\"name\":\"Strada della Romagna\",\"description\":\"Vini, Sapori, Cultura\",\"publisher\":{\"@id\":\"https:\/\/www.stradadellaromagna.it\/#organization\"},\"potentialAction\":[{\"@type\":\"SearchAction\",\"target\":{\"@type\":\"EntryPoint\",\"urlTemplate\":\"https:\/\/www.stradadellaromagna.it\/?s={search_term_string}\"},\"query-input\":{\"@type\":\"PropertyValueSpecification\",\"valueRequired\":true,\"valueName\":\"search_term_string\"}}],\"inLanguage\":\"en-US\"},{\"@type\":\"Organization\",\"@id\":\"https:\/\/www.stradadellaromagna.it\/#organization\",\"name\":\"Strada della Romagna\",\"url\":\"https:\/\/www.stradadellaromagna.it\/\",\"logo\":{\"@type\":\"ImageObject\",\"inLanguage\":\"en-US\",\"@id\":\"https:\/\/www.stradadellaromagna.it\/#\/schema\/logo\/image\/\",\"url\":\"https:\/\/www.stradadellaromagna.it\/wp-content\/uploads\/2022\/06\/logo-Strada-del-Sangiovese-1.jpg\",\"contentUrl\":\"https:\/\/www.stradadellaromagna.it\/wp-content\/uploads\/2022\/06\/logo-Strada-del-Sangiovese-1.jpg\",\"width\":971,\"height\":573,\"caption\":\"Strada della Romagna\"},\"image\":{\"@id\":\"https:\/\/www.stradadellaromagna.it\/#\/schema\/logo\/image\/\"}},{\"@type\":\"Person\",\"@id\":\"https:\/\/www.stradadellaromagna.it\/#\/schema\/person\/3a842840340455747a035b8c408e8772\",\"name\":\"Luca Casadei\",\"url\":\"https:\/\/www.stradadellaromagna.it\/en\/author\/luca\/\"}]}<\/script>\n<!-- \/ Yoast SEO plugin. -->","yoast_head_json":{"title":"Brindisi al Museo del Sale di Cervia \u2013 Mercoled\u00ec 9 settembre","description":"Mercoled\u00ec 9 settembre degustazione di vini e sapori al Museo del Sale di Cervia in occsione della visita con i salinari","robots":{"index":"index","follow":"follow","max-snippet":"max-snippet:-1","max-image-preview":"max-image-preview:large","max-video-preview":"max-video-preview:-1"},"canonical":"https:\/\/www.stradadellaromagna.it\/brindisi-al-museo-del-sale-di-cervia-mercoledi-9-settembre\/","og_locale":"en_US","og_type":"article","og_title":"Brindisi al Museo del Sale di Cervia \u2013 Mercoled\u00ec 9 settembre","og_description":"Mercoled\u00ec 9 settembre degustazione di vini e sapori al Museo del Sale di Cervia in occsione della visita con i salinari","og_url":"https:\/\/www.stradadellaromagna.it\/brindisi-al-museo-del-sale-di-cervia-mercoledi-9-settembre\/","og_site_name":"Strada della Romagna","article_published_time":"2026-09-02T08:11:39+00:00","article_modified_time":"2026-09-02T08:11:41+00:00","og_image":[{"width":1200,"height":900,"url":"https:\/\/www.stradadellaromagna.it\/wp-content\/uploads\/2026\/09\/brin.jpg","type":"image\/jpeg"}],"author":"Luca Casadei","twitter_card":"summary_large_image","twitter_misc":{"Written by":"Luca Casadei","Est. reading time":"2 minutes"},"schema":{"@context":"https:\/\/schema.org","@graph":[{"@type":"Article","@id":"https:\/\/www.stradadellaromagna.it\/brindisi-al-museo-del-sale-di-cervia-mercoledi-9-settembre\/#article","isPartOf":{"@id":"https:\/\/www.stradadellaromagna.it\/brindisi-al-museo-del-sale-di-cervia-mercoledi-9-settembre\/"},"author":{"name":"Luca Casadei","@id":"https:\/\/www.stradadellaromagna.it\/#\/schema\/person\/3a842840340455747a035b8c408e8772"},"headline":"Brindisi al Museo del Sale di Cervia \u2013 Mercoled\u00ec 9 settembre","datePublished":"2026-09-02T08:11:39+00:00","dateModified":"2026-09-02T08:11:41+00:00","mainEntityOfPage":{"@id":"https:\/\/www.stradadellaromagna.it\/brindisi-al-museo-del-sale-di-cervia-mercoledi-9-settembre\/"},"wordCount":243,"publisher":{"@id":"https:\/\/www.stradadellaromagna.it\/#organization"},"image":{"@id":"https:\/\/www.stradadellaromagna.it\/brindisi-al-museo-del-sale-di-cervia-mercoledi-9-settembre\/#primaryimage"},"thumbnailUrl":"https:\/\/www.stradadellaromagna.it\/wp-content\/uploads\/2026\/09\/brin.jpg","articleSection":["News"],"inLanguage":"en-US"},{"@type":"WebPage","@id":"https:\/\/www.stradadellaromagna.it\/brindisi-al-museo-del-sale-di-cervia-mercoledi-9-settembre\/","url":"https:\/\/www.stradadellaromagna.it\/brindisi-al-museo-del-sale-di-cervia-mercoledi-9-settembre\/","name":"Brindisi al Museo del Sale di Cervia \u2013 Mercoled\u00ec 9 settembre","isPartOf":{"@id":"https:\/\/www.stradadellaromagna.it\/#website"},"primaryImageOfPage":{"@id":"https:\/\/www.stradadellaromagna.it\/brindisi-al-museo-del-sale-di-cervia-mercoledi-9-settembre\/#primaryimage"},"image":{"@id":"https:\/\/www.stradadellaromagna.it\/brindisi-al-museo-del-sale-di-cervia-mercoledi-9-settembre\/#primaryimage"},"thumbnailUrl":"https:\/\/www.stradadellaromagna.it\/wp-content\/uploads\/2026\/09\/brin.jpg","datePublished":"2026-09-02T08:11:39+00:00","dateModified":"2026-09-02T08:11:41+00:00","description":"Mercoled\u00ec 9 settembre degustazione di vini e sapori al Museo del Sale di Cervia in occsione della visita con i salinari","breadcrumb":{"@id":"https:\/\/www.stradadellaromagna.it\/brindisi-al-museo-del-sale-di-cervia-mercoledi-9-settembre\/#breadcrumb"},"inLanguage":"en-US","potentialAction":[{"@type":"ReadAction","target":["https:\/\/www.stradadellaromagna.it\/brindisi-al-museo-del-sale-di-cervia-mercoledi-9-settembre\/"]}]},{"@type":"ImageObject","inLanguage":"en-US","@id":"https:\/\/www.stradadellaromagna.it\/brindisi-al-museo-del-sale-di-cervia-mercoledi-9-settembre\/#primaryimage","url":"https:\/\/www.stradadellaromagna.it\/wp-content\/uploads\/2026\/09\/brin.jpg","contentUrl":"https:\/\/www.stradadellaromagna.it\/wp-content\/uploads\/2026\/09\/brin.jpg","width":1200,"height":900,"caption":"oplus_2"},{"@type":"BreadcrumbList","@id":"https:\/\/www.stradadellaromagna.it\/brindisi-al-museo-del-sale-di-cervia-mercoledi-9-settembre\/#breadcrumb","itemListElement":[{"@type":"ListItem","position":1,"name":"Home","item":"https:\/\/www.stradadellaromagna.it\/en\/"},{"@type":"ListItem","position":2,"name":"News","item":"https:\/\/www.stradadellaromagna.it\/category\/news\/"},{"@type":"ListItem","position":3,"name":"Brindisi al Museo del Sale di Cervia \u2013 Mercoled\u00ec 9 settembre"}]},{"@type":"WebSite","@id":"https:\/\/www.stradadellaromagna.it\/#website","url":"https:\/\/www.stradadellaromagna.it\/","name":"Strada della Romagna","description":"Vini, Sapori, Cultura","publisher":{"@id":"https:\/\/www.stradadellaromagna.it\/#organization"},"potentialAction":[{"@type":"SearchAction","target":{"@type":"EntryPoint","urlTemplate":"https:\/\/www.stradadellaromagna.it\/?s={search_term_string}"},"query-input":{"@type":"PropertyValueSpecification","valueRequired":true,"valueName":"search_term_string"}}],"inLanguage":"en-US"},{"@type":"Organization","@id":"https:\/\/www.stradadellaromagna.it\/#organization","name":"Strada della Romagna","url":"https:\/\/www.stradadellaromagna.it\/","logo":{"@type":"ImageObject","inLanguage":"en-US","@id":"https:\/\/www.stradadellaromagna.it\/#\/schema\/logo\/image\/","url":"https:\/\/www.stradadellaromagna.it\/wp-content\/uploads\/2022\/06\/logo-Strada-del-Sangiovese-1.jpg","contentUrl":"https:\/\/www.stradadellaromagna.it\/wp-content\/uploads\/2022\/06\/logo-Strada-del-Sangiovese-1.jpg","width":971,"height":573,"caption":"Strada della Romagna"},"image":{"@id":"https:\/\/www.stradadellaromagna.it\/#\/schema\/logo\/image\/"}},{"@type":"Person","@id":"https:\/\/www.stradadellaromagna.it\/#\/schema\/person\/3a842840340455747a035b8c408e8772","name":"Luca Casadei","url":"https:\/\/www.stradadellaromagna.it\/en\/author\/luca\/"}]}},"_links":{"self":[{"href":"https:\/\/www.stradadellaromagna.it\/en\/wp-json\/wp\/v2\/posts\/8541","targetHints":{"allow":["GET"]}}],"collection":[{"href":"https:\/\/www.stradadellaromagna.it\/en\/wp-json\/wp\/v2\/posts"}],"about":[{"href":"https:\/\/www.stradadellaromagna.it\/en\/wp-json\/wp\/v2\/types\/post"}],"author":[{"embeddable":true,"href":"https:\/\/www.stradadellaromagna.it\/en\/wp-json\/wp\/v2\/users\/5"}],"replies":[{"embeddable":true,"href":"https:\/\/www.stradadellaromagna.it\/en\/wp-json\/wp\/v2\/comments?post=8541"}],"version-history":[{"count":1,"href":"https:\/\/www.stradadellaromagna.it\/en\/wp-json\/wp\/v2\/posts\/8541\/revisions"}],"predecessor-version":[{"id":8546,"href":"https:\/\/www.stradadellaromagna.it\/en\/wp-json\/wp\/v2\/posts\/8541\/revisions\/8546"}],"wp:featuredmedia":[{"embeddable":true,"href":"https:\/\/www.stradadellaromagna.it\/en\/wp-json\/wp\/v2\/media\/8544"}],"wp:attachment":[{"href":"https:\/\/www.stradadellaromagna.it\/en\/wp-json\/wp\/v2\/media?parent=8541"}],"wp:term":[{"taxonomy":"category","embeddable":true,"href":"https:\/\/www.stradadellaromagna.it\/en\/wp-json\/wp\/v2\/categories?post=8541"},{"taxonomy":"post_tag","embeddable":true,"href":"https:\/\/www.stradadellaromagna.it\/en\/wp-json\/wp\/v2\/tags?post=8541"}],"curies":[{"name":"wp","href":"https:\/\/api.w.org\/{rel}","templated":true}]}}